{"id":121408,"date":"2019-09-28T16:11:59","date_gmt":"2019-09-28T19:11:59","guid":{"rendered":"http:\/\/www.caririemacao.com\/1\/?p=121408"},"modified":"2019-09-28T16:11:59","modified_gmt":"2019-09-28T19:11:59","slug":"jovem-de-22-anos-e-preso-suspeito-de-matar-o-pai-a-facadas-em-jerico-no-sertao-da-paraiba","status":"publish","type":"post","link":"https:\/\/www.caririemacao.com\/1\/2019\/09\/28\/jovem-de-22-anos-e-preso-suspeito-de-matar-o-pai-a-facadas-em-jerico-no-sertao-da-paraiba\/","title":{"rendered":"Jovem de 22 anos \u00e9 preso suspeito de matar o pai a facadas, em Jeric\u00f3, no Sert\u00e3o da Para\u00edba"},"content":{"rendered":"\n<p>Um jovem de 22 anos foi preso na noite da sexta-feira (27) suspeito de matar o pai dele a facadas, em Jeric\u00f3, no Sert\u00e3o paraibano. De acordo com a Pol\u00edcia Militar, o suspeito teria utilizado uma faca peixeira para golpear a v\u00edtima, que foi atingida por cerca de 10 facadas, n\u00e3o resistiu e morreu ainda no local.<\/p>\n\n\n\n<p>O caso aconteceu por volta das 20h30, no S\u00edtio Carneiro, zona rural do munic\u00edpio. A Pol\u00edcia Militar foi acionada e, ao chegar no local, encontrou o corpo da v\u00edtima dentro da casa onde morava com o suspeito. Segundo a pol\u00edcia, o suspeito seria usu\u00e1rio de drogas.<\/p>\n\n\n\n<p>Ap\u00f3s o crime, o suspeito fugiu, mas a pol\u00edcia conseguiu prender o homem pr\u00f3ximo ao local do crime. Ele foi detido e levado para a Delegacia de Pol\u00edcia Civil de Catol\u00e9 do Rocha, onde permanece \u00e0 disposi\u00e7\u00e3o da Justi\u00e7a.<\/p>\n\n\n\n<p><\/p>\n\n\n\n<p>G1<\/p>\n","protected":false},"excerpt":{"rendered":"<p>Um jovem de 22 anos foi preso na noite da sexta-feira (27) suspeito de matar o pai dele a facadas, em Jeric\u00f3, no Sert\u00e3o paraibano.&hellip; <\/p>\n","protected":false},"author":1,"featured_media":105260,"comment_status":"closed","ping_status":"closed","sticky":false,"template":"","format":"standard","meta":{"sfsi_plus_gutenberg_text_before_share":"","sfsi_plus_gutenberg_show_text_before_share":"","sfsi_plus_gutenberg_icon_type":"","sfsi_plus_gutenberg_icon_alignemt":"","sfsi_plus_gutenburg_max_per_row":"","footnotes":""},"categories":[12],"tags":[],"class_list":["post-121408","post","type-post","status-publish","format-standard","has-post-thumbnail","hentry","category-policia"],"_links":{"self":[{"href":"https:\/\/www.caririemacao.com\/1\/wp-json\/wp\/v2\/posts\/121408","targetHints":{"allow":["GET"]}}],"collection":[{"href":"https:\/\/www.caririemacao.com\/1\/wp-json\/wp\/v2\/posts"}],"about":[{"href":"https:\/\/www.caririemacao.com\/1\/wp-json\/wp\/v2\/types\/post"}],"author":[{"embeddable":true,"href":"https:\/\/www.caririemacao.com\/1\/wp-json\/wp\/v2\/users\/1"}],"replies":[{"embeddable":true,"href":"https:\/\/www.caririemacao.com\/1\/wp-json\/wp\/v2\/comments?post=121408"}],"version-history":[{"count":1,"href":"https:\/\/www.caririemacao.com\/1\/wp-json\/wp\/v2\/posts\/121408\/revisions"}],"predecessor-version":[{"id":121409,"href":"https:\/\/www.caririemacao.com\/1\/wp-json\/wp\/v2\/posts\/121408\/revisions\/121409"}],"wp:featuredmedia":[{"embeddable":true,"href":"https:\/\/www.caririemacao.com\/1\/wp-json\/wp\/v2\/media\/105260"}],"wp:attachment":[{"href":"https:\/\/www.caririemacao.com\/1\/wp-json\/wp\/v2\/media?parent=121408"}],"wp:term":[{"taxonomy":"category","embeddable":true,"href":"https:\/\/www.caririemacao.com\/1\/wp-json\/wp\/v2\/categories?post=121408"},{"taxonomy":"post_tag","embeddable":true,"href":"https:\/\/www.caririemacao.com\/1\/wp-json\/wp\/v2\/tags?post=121408"}],"curies":[{"name":"wp","href":"https:\/\/api.w.org\/{rel}","templated":true}]}}