{"id":121410,"date":"2019-09-28T16:17:38","date_gmt":"2019-09-28T19:17:38","guid":{"rendered":"http:\/\/www.caririemacao.com\/1\/?p=121410"},"modified":"2019-09-28T16:17:38","modified_gmt":"2019-09-28T19:17:38","slug":"vigilante-acusado-de-estuprar-e-engravidar-a-filha-sera-transferido-da-cadeia-de-pombal","status":"publish","type":"post","link":"https:\/\/www.caririemacao.com\/1\/2019\/09\/28\/vigilante-acusado-de-estuprar-e-engravidar-a-filha-sera-transferido-da-cadeia-de-pombal\/","title":{"rendered":"Vigilante acusado de estuprar e engravidar a filha ser\u00e1 transferido da cadeia de Pombal"},"content":{"rendered":"\n<p>Um vigilante foi preso suspeito de estuprar e engravidar a filha, de 16 anos na cidade de Pombal, na Para\u00edba. A pris\u00e3o aconteceu, nesta quinta-feira (26), ap\u00f3s a Pol\u00edcia cumprir um mandado de pris\u00e3o expedido pela Justi\u00e7a.&nbsp;<\/p>\n\n\n\n<p>De acordo com o delegado Clenaldo Queiroz, o homem, de 50 anos, \u00e9 suspeito de estuprar a filha desde que a menina tinha 12 anos.&nbsp; A menina, que hoje est\u00e1 com 16 anos, engravidou e teve um filho dele.&nbsp;<\/p>\n\n\n\n<p>Os abusos sofridos s\u00f3 foram descobertos ap\u00f3s a menina engravidar. Quando o beb\u00ea da adolescente nasceu, foi realizado um exame de DNA e ficou constatado que a crian\u00e7a era filha do pai da v\u00edtima.<\/p>\n\n\n\n<p>&#8220;Foi ent\u00e3o que a menina relatou que sofria os abusos desde que tinha 12 anos de idade\u201d, contou o delegado.<\/p>\n\n\n\n<p>O delegado informou que o pai da adolescente \u00e9 separado da m\u00e3e dela.&nbsp;Segundo a menina os abusos aconteciam durante as visitavas que ele realizava nos finais de semana.<\/p>\n\n\n\n<p>O homem ao ser detido n\u00e3o demonstrou surpresa e disse aos policiais que sabia porque estava sendo preso.&nbsp;<\/p>\n\n\n\n<p>Ele foi encaminhado para a Cadeia P\u00fablica de Pombal. J\u00e1 a adolescente est\u00e1 sendo acompanhada por uma equipe do Centro de Refer\u00eancia de Assist\u00eancia Social (Creas) da cidade.<\/p>\n\n\n\n<p>clickpb<\/p>\n","protected":false},"excerpt":{"rendered":"<p>Um vigilante foi preso suspeito de estuprar e engravidar a filha, de 16 anos na cidade de Pombal, na Para\u00edba. A pris\u00e3o aconteceu, nesta quinta-feira&hellip; <\/p>\n","protected":false},"author":1,"featured_media":22629,"comment_status":"closed","ping_status":"closed","sticky":false,"template":"","format":"standard","meta":{"sfsi_plus_gutenberg_text_before_share":"","sfsi_plus_gutenberg_show_text_before_share":"","sfsi_plus_gutenberg_icon_type":"","sfsi_plus_gutenberg_icon_alignemt":"","sfsi_plus_gutenburg_max_per_row":"","footnotes":""},"categories":[12],"tags":[],"class_list":["post-121410","post","type-post","status-publish","format-standard","has-post-thumbnail","hentry","category-policia"],"_links":{"self":[{"href":"https:\/\/www.caririemacao.com\/1\/wp-json\/wp\/v2\/posts\/121410","targetHints":{"allow":["GET"]}}],"collection":[{"href":"https:\/\/www.caririemacao.com\/1\/wp-json\/wp\/v2\/posts"}],"about":[{"href":"https:\/\/www.caririemacao.com\/1\/wp-json\/wp\/v2\/types\/post"}],"author":[{"embeddable":true,"href":"https:\/\/www.caririemacao.com\/1\/wp-json\/wp\/v2\/users\/1"}],"replies":[{"embeddable":true,"href":"https:\/\/www.caririemacao.com\/1\/wp-json\/wp\/v2\/comments?post=121410"}],"version-history":[{"count":1,"href":"https:\/\/www.caririemacao.com\/1\/wp-json\/wp\/v2\/posts\/121410\/revisions"}],"predecessor-version":[{"id":121411,"href":"https:\/\/www.caririemacao.com\/1\/wp-json\/wp\/v2\/posts\/121410\/revisions\/121411"}],"wp:featuredmedia":[{"embeddable":true,"href":"https:\/\/www.caririemacao.com\/1\/wp-json\/wp\/v2\/media\/22629"}],"wp:attachment":[{"href":"https:\/\/www.caririemacao.com\/1\/wp-json\/wp\/v2\/media?parent=121410"}],"wp:term":[{"taxonomy":"category","embeddable":true,"href":"https:\/\/www.caririemacao.com\/1\/wp-json\/wp\/v2\/categories?post=121410"},{"taxonomy":"post_tag","embeddable":true,"href":"https:\/\/www.caririemacao.com\/1\/wp-json\/wp\/v2\/tags?post=121410"}],"curies":[{"name":"wp","href":"https:\/\/api.w.org\/{rel}","templated":true}]}}