{"id":121415,"date":"2019-09-28T16:26:04","date_gmt":"2019-09-28T19:26:04","guid":{"rendered":"http:\/\/www.caririemacao.com\/1\/?p=121415"},"modified":"2019-09-28T16:26:04","modified_gmt":"2019-09-28T19:26:04","slug":"corpo-de-homem-e-encontrado-em-lixao-de-teixeira-no-sertao-paraibano","status":"publish","type":"post","link":"https:\/\/www.caririemacao.com\/1\/2019\/09\/28\/corpo-de-homem-e-encontrado-em-lixao-de-teixeira-no-sertao-paraibano\/","title":{"rendered":"Corpo de homem \u00e9 encontrado em lix\u00e3o de Teixeira, no Sert\u00e3o paraibano"},"content":{"rendered":"\n<p>Um corpo de homem, ainda n\u00e3o identificado, foi encontrado na manh\u00e3 deste s\u00e1bado (28) no lix\u00e3o na cidade de Teixeira, no Sert\u00e3o paraibano. A per\u00edcia j\u00e1 foi acionada e se encaminhou para o local.<\/p>\n\n\n\n<p>De acordo com informa\u00e7\u00f5es da Pol\u00edcia Militar, que isolou a \u00e1rea, o homem est\u00e1 de camisa rosa e tem aproximadamente 1,70m de altura.&nbsp;<\/p>\n\n\n\n<p>Essa \u00e9 a segunda vez s\u00f3 neste ano que um corpo \u00e9 encontrado no lix\u00e3o. Na primeira, tratava-se de um adolescente de 15 anos que foi encontrado depois de ser assassinado a tiros.<\/p>\n\n\n\n<p>clickpb.<\/p>\n","protected":false},"excerpt":{"rendered":"<p>Um corpo de homem, ainda n\u00e3o identificado, foi encontrado na manh\u00e3 deste s\u00e1bado (28) no lix\u00e3o na cidade de Teixeira, no Sert\u00e3o paraibano. A per\u00edcia&hellip; <\/p>\n","protected":false},"author":1,"featured_media":121416,"comment_status":"closed","ping_status":"closed","sticky":false,"template":"","format":"standard","meta":{"sfsi_plus_gutenberg_text_before_share":"","sfsi_plus_gutenberg_show_text_before_share":"","sfsi_plus_gutenberg_icon_type":"","sfsi_plus_gutenberg_icon_alignemt":"","sfsi_plus_gutenburg_max_per_row":"","footnotes":""},"categories":[50,12],"tags":[],"class_list":["post-121415","post","type-post","status-publish","format-standard","has-post-thumbnail","hentry","category-destaque","category-policia"],"_links":{"self":[{"href":"https:\/\/www.caririemacao.com\/1\/wp-json\/wp\/v2\/posts\/121415","targetHints":{"allow":["GET"]}}],"collection":[{"href":"https:\/\/www.caririemacao.com\/1\/wp-json\/wp\/v2\/posts"}],"about":[{"href":"https:\/\/www.caririemacao.com\/1\/wp-json\/wp\/v2\/types\/post"}],"author":[{"embeddable":true,"href":"https:\/\/www.caririemacao.com\/1\/wp-json\/wp\/v2\/users\/1"}],"replies":[{"embeddable":true,"href":"https:\/\/www.caririemacao.com\/1\/wp-json\/wp\/v2\/comments?post=121415"}],"version-history":[{"count":1,"href":"https:\/\/www.caririemacao.com\/1\/wp-json\/wp\/v2\/posts\/121415\/revisions"}],"predecessor-version":[{"id":121417,"href":"https:\/\/www.caririemacao.com\/1\/wp-json\/wp\/v2\/posts\/121415\/revisions\/121417"}],"wp:featuredmedia":[{"embeddable":true,"href":"https:\/\/www.caririemacao.com\/1\/wp-json\/wp\/v2\/media\/121416"}],"wp:attachment":[{"href":"https:\/\/www.caririemacao.com\/1\/wp-json\/wp\/v2\/media?parent=121415"}],"wp:term":[{"taxonomy":"category","embeddable":true,"href":"https:\/\/www.caririemacao.com\/1\/wp-json\/wp\/v2\/categories?post=121415"},{"taxonomy":"post_tag","embeddable":true,"href":"https:\/\/www.caririemacao.com\/1\/wp-json\/wp\/v2\/tags?post=121415"}],"curies":[{"name":"wp","href":"https:\/\/api.w.org\/{rel}","templated":true}]}}