{"id":121423,"date":"2019-09-28T16:51:38","date_gmt":"2019-09-28T19:51:38","guid":{"rendered":"http:\/\/www.caririemacao.com\/1\/?p=121423"},"modified":"2019-09-28T16:51:38","modified_gmt":"2019-09-28T19:51:38","slug":"juri-de-suspeitos-de-envolvimento-em-grupo-de-exterminio-em-mari-e-transferido-para-campina-grande","status":"publish","type":"post","link":"https:\/\/www.caririemacao.com\/1\/2019\/09\/28\/juri-de-suspeitos-de-envolvimento-em-grupo-de-exterminio-em-mari-e-transferido-para-campina-grande\/","title":{"rendered":"J\u00fari de suspeitos de envolvimento em grupo de exterm\u00ednio em Mari \u00e9 transferido para Campina Grande"},"content":{"rendered":"\n<p>O Tribunal de Justi\u00e7a da Para\u00edba decidiu transferir para a Comarca de Campina Grande o j\u00fari popular de tr\u00eas homens suspeitos de envolvimento em v\u00e1rios homic\u00eddios e de participa\u00e7\u00e3o em um grupo de exterm\u00ednio que teria atua\u00e7\u00e3o na cidade de Mari, no Sert\u00e3o da Para\u00edba. De acordo com as investiga\u00e7\u00f5es, grupo criminoso teria matado mais de 30 pessoas.<\/p>\n\n\n\n<p>Os r\u00e9us Jos\u00e9 Alex da Silva Ara\u00fajo, Eronildo da Silva Barbosa e Renato Luiz Barbosa da Silva iriam ser julgados em Mari, mas o ju\u00edzo da Comarca pediu o desaforamento. O entendimento \u00e9 que a transfer\u00eancia vai garantir a imparcialidade do j\u00fari e assegurar a seguran\u00e7a dos jurados. O j\u00fari popular ainda n\u00e3o tem data para acontecer.<\/p>\n\n\n\n<p>\u201cNo caso sub examine, a ju\u00edza primeva sustenta que os pronunciados s\u00e3o pessoas atreladas \u00e0 trafic\u00e2ncia e membros de grupo de exterm\u00ednio, respons\u00e1vel por diversas execu\u00e7\u00f5es na Comarca de Mari, representando s\u00e9ria amea\u00e7a \u00e0 integridade dos jurados e, por conseguinte, \u00e0 imparcialidade do J\u00fari, salientando, ainda, que a realiza\u00e7\u00e3o do Sin\u00e9drio Popular naquela Comarca se tornaria in\u00f3cua, ante o temor da sociedade em rela\u00e7\u00e3o \u00e0 citada organiza\u00e7\u00e3o criminosa\u201d, relata o ac\u00f3rd\u00e3o do TJPB.<\/p>\n\n\n\n<p>O Relat\u00f3rio Policial asseverou que \u201ceste homic\u00eddio, objeto da presente investiga\u00e7\u00e3o, \u00e9 mais um de uma s\u00e9rie de homic\u00eddios ocorridos em Mari entre os anos de 2011 e 2012, que resultou em pelo menos 32 (trinta e dois) crimes letais contra vida ocorridos nesta cidade\u201d, destaca o desembargador Arn\u00f3bio Alves Teod\u00f3sio, que relatou o caso.<\/p>\n\n\n\n<p><\/p>\n\n\n\n<p>G1<\/p>\n","protected":false},"excerpt":{"rendered":"<p>O Tribunal de Justi\u00e7a da Para\u00edba decidiu transferir para a Comarca de Campina Grande o j\u00fari popular de tr\u00eas homens suspeitos de envolvimento em v\u00e1rios&hellip; <\/p>\n","protected":false},"author":1,"featured_media":105426,"comment_status":"closed","ping_status":"closed","sticky":false,"template":"","format":"standard","meta":{"sfsi_plus_gutenberg_text_before_share":"","sfsi_plus_gutenberg_show_text_before_share":"","sfsi_plus_gutenberg_icon_type":"","sfsi_plus_gutenberg_icon_alignemt":"","sfsi_plus_gutenburg_max_per_row":"","footnotes":""},"categories":[12],"tags":[],"class_list":["post-121423","post","type-post","status-publish","format-standard","has-post-thumbnail","hentry","category-policia"],"_links":{"self":[{"href":"https:\/\/www.caririemacao.com\/1\/wp-json\/wp\/v2\/posts\/121423","targetHints":{"allow":["GET"]}}],"collection":[{"href":"https:\/\/www.caririemacao.com\/1\/wp-json\/wp\/v2\/posts"}],"about":[{"href":"https:\/\/www.caririemacao.com\/1\/wp-json\/wp\/v2\/types\/post"}],"author":[{"embeddable":true,"href":"https:\/\/www.caririemacao.com\/1\/wp-json\/wp\/v2\/users\/1"}],"replies":[{"embeddable":true,"href":"https:\/\/www.caririemacao.com\/1\/wp-json\/wp\/v2\/comments?post=121423"}],"version-history":[{"count":1,"href":"https:\/\/www.caririemacao.com\/1\/wp-json\/wp\/v2\/posts\/121423\/revisions"}],"predecessor-version":[{"id":121424,"href":"https:\/\/www.caririemacao.com\/1\/wp-json\/wp\/v2\/posts\/121423\/revisions\/121424"}],"wp:featuredmedia":[{"embeddable":true,"href":"https:\/\/www.caririemacao.com\/1\/wp-json\/wp\/v2\/media\/105426"}],"wp:attachment":[{"href":"https:\/\/www.caririemacao.com\/1\/wp-json\/wp\/v2\/media?parent=121423"}],"wp:term":[{"taxonomy":"category","embeddable":true,"href":"https:\/\/www.caririemacao.com\/1\/wp-json\/wp\/v2\/categories?post=121423"},{"taxonomy":"post_tag","embeddable":true,"href":"https:\/\/www.caririemacao.com\/1\/wp-json\/wp\/v2\/tags?post=121423"}],"curies":[{"name":"wp","href":"https:\/\/api.w.org\/{rel}","templated":true}]}}