{"id":121425,"date":"2019-09-28T17:00:05","date_gmt":"2019-09-28T20:00:05","guid":{"rendered":"http:\/\/www.caririemacao.com\/1\/?p=121425"},"modified":"2019-09-28T17:00:05","modified_gmt":"2019-09-28T20:00:05","slug":"policia-recupera-em-sertania-veiculo-furtado-em-monteiro","status":"publish","type":"post","link":"https:\/\/www.caririemacao.com\/1\/2019\/09\/28\/policia-recupera-em-sertania-veiculo-furtado-em-monteiro\/","title":{"rendered":"Pol\u00edcia recupera  em Sert\u00e2nia ve\u00edculo furtado em Monteiro"},"content":{"rendered":"\n<p>Nesta sexta-feira, dia 27, policiais militares da GT Rural de Sert\u00e2nia tomaram conhecimento que na noite desta madrugada o ve\u00edculo Fiat Uno EP, Cinza, Placa KGG-0010, havia sido furtado da garagem da v\u00edtima, professora aposentada na&nbsp; cidade de Monteiro, e que provavelmente estaria nesta cidade.<\/p>\n\n\n\n<p>E que em \u201cOpera\u00e7\u00e3o Conjunta com a Pol\u00edcia Civil local\u201d conseguiram localizar o autom\u00f3vel abandonado em Sert\u00e2nia.<\/p>\n\n\n\n<p>Os materiais seguintes foram subtra\u00eddos: Tapetes, Extintor e o pneu de suporte. O ve\u00edculo foi removido para a DP local e posteriormente conseguiram contato com a v\u00edtima atrav\u00e9s da DP de Monteiro e em seguida a ocorr\u00eancia foi registrada na DP local onde ser\u00e1 instaurado um inqu\u00e9rito por portaria.<\/p>\n\n\n\n<p>tribuna do moxoto<\/p>\n","protected":false},"excerpt":{"rendered":"<p>Nesta sexta-feira, dia 27, policiais militares da GT Rural de Sert\u00e2nia tomaram conhecimento que na noite desta madrugada o ve\u00edculo Fiat Uno EP, Cinza, Placa&hellip; <\/p>\n","protected":false},"author":1,"featured_media":82836,"comment_status":"closed","ping_status":"closed","sticky":false,"template":"","format":"standard","meta":{"sfsi_plus_gutenberg_text_before_share":"","sfsi_plus_gutenberg_show_text_before_share":"","sfsi_plus_gutenberg_icon_type":"","sfsi_plus_gutenberg_icon_alignemt":"","sfsi_plus_gutenburg_max_per_row":"","footnotes":""},"categories":[50,12],"tags":[],"class_list":["post-121425","post","type-post","status-publish","format-standard","has-post-thumbnail","hentry","category-destaque","category-policia"],"_links":{"self":[{"href":"https:\/\/www.caririemacao.com\/1\/wp-json\/wp\/v2\/posts\/121425","targetHints":{"allow":["GET"]}}],"collection":[{"href":"https:\/\/www.caririemacao.com\/1\/wp-json\/wp\/v2\/posts"}],"about":[{"href":"https:\/\/www.caririemacao.com\/1\/wp-json\/wp\/v2\/types\/post"}],"author":[{"embeddable":true,"href":"https:\/\/www.caririemacao.com\/1\/wp-json\/wp\/v2\/users\/1"}],"replies":[{"embeddable":true,"href":"https:\/\/www.caririemacao.com\/1\/wp-json\/wp\/v2\/comments?post=121425"}],"version-history":[{"count":1,"href":"https:\/\/www.caririemacao.com\/1\/wp-json\/wp\/v2\/posts\/121425\/revisions"}],"predecessor-version":[{"id":121426,"href":"https:\/\/www.caririemacao.com\/1\/wp-json\/wp\/v2\/posts\/121425\/revisions\/121426"}],"wp:featuredmedia":[{"embeddable":true,"href":"https:\/\/www.caririemacao.com\/1\/wp-json\/wp\/v2\/media\/82836"}],"wp:attachment":[{"href":"https:\/\/www.caririemacao.com\/1\/wp-json\/wp\/v2\/media?parent=121425"}],"wp:term":[{"taxonomy":"category","embeddable":true,"href":"https:\/\/www.caririemacao.com\/1\/wp-json\/wp\/v2\/categories?post=121425"},{"taxonomy":"post_tag","embeddable":true,"href":"https:\/\/www.caririemacao.com\/1\/wp-json\/wp\/v2\/tags?post=121425"}],"curies":[{"name":"wp","href":"https:\/\/api.w.org\/{rel}","templated":true}]}}