{"id":121427,"date":"2019-09-28T17:03:48","date_gmt":"2019-09-28T20:03:48","guid":{"rendered":"http:\/\/www.caririemacao.com\/1\/?p=121427"},"modified":"2019-09-28T17:03:48","modified_gmt":"2019-09-28T20:03:48","slug":"cuscuz-nordestino-de-micro-ondas-uma-receita-rapida-e-bastante-nutritiva","status":"publish","type":"post","link":"https:\/\/www.caririemacao.com\/1\/2019\/09\/28\/cuscuz-nordestino-de-micro-ondas-uma-receita-rapida-e-bastante-nutritiva\/","title":{"rendered":"Cuscuz Nordestino de micro-ondas, uma receita r\u00e1pida e bastante nutritiva"},"content":{"rendered":"\n<p>N\u00e3o \u00e9 porque voc\u00ea n\u00e3o tem uma cuscuzeira que voc\u00ea vai deixar de fazer um aut\u00eantico cuscuz nordestino, fa\u00e7a seu cuscuz no micro-ondas, s\u00f3 n\u00e3o fique sem faz\u00ea-lo. Confere a\u00ed essa receita!<\/p>\n\n\n\n<p><strong>Ingredientes:&nbsp;<\/strong>&nbsp;&nbsp; &nbsp; &nbsp; &nbsp; &nbsp; &nbsp;&nbsp;<\/p>\n\n\n\n<ul class=\"wp-block-list\"><li>01 x\u00edcara de ch\u00e1 de fub\u00e1 tipo floc\u00e3o&nbsp;<\/li><li>1\/2 x\u00edcara de ch\u00e1 de \u00e1gua&nbsp;<\/li><li>01 pitada de sal<\/li><\/ul>\n\n\n\n<p><strong>Modo de Preparo:<\/strong>&nbsp; &nbsp; &nbsp; &nbsp; &nbsp; &nbsp; &nbsp;<br><\/p>\n\n\n\n<ol class=\"wp-block-list\"><li>Primeiro voc\u00ea vai colocar o fub\u00e1 com \u00e1gua e sal para descansar.<\/li><li>Para cada x\u00edcara de fub\u00e1 tipo floc\u00e3o eu uso \u00bd x\u00edcara de \u00e1gua e uma pitada de sal.<\/li><li>Misturo e deixo descansar por aproximadamente 10 minutinhos, este \u00e9 um dos segredos do cuscuz fofinho.<\/li><li>Coloque a&nbsp; massa sem pressionar em um refrat\u00e1rio que possa ir ao forno de micro-ondas, cubra que pode ser com um pires ou at\u00e9 mesmo com papel filme, e leve ao micro-ondas para cozinhar por aproximadamente 01 minuto e meio.<\/li><li>Este tempo pode variar de micro-ondas para micro-ondas, sugiro que se n\u00e3o ficou no ponto desejado, digo cozido coloque mais 30 segundos\u2026<\/li><li>Com essa base voc\u00eas fazem&nbsp; o cuscuz tradicional para comer com leite, com manteiga.<\/li><li>Mas se quiser fazer recheado \u00e9 s\u00f3 alternar camadas entre massa e recheio, sempre a primeira e \u00faltima camada de massa<\/li><\/ol>\n","protected":false},"excerpt":{"rendered":"<p>N\u00e3o \u00e9 porque voc\u00ea n\u00e3o tem uma cuscuzeira que voc\u00ea vai deixar de fazer um aut\u00eantico cuscuz nordestino, fa\u00e7a seu cuscuz no micro-ondas, s\u00f3 n\u00e3o&hellip; <\/p>\n","protected":false},"author":1,"featured_media":121428,"comment_status":"closed","ping_status":"closed","sticky":false,"template":"","format":"standard","meta":{"sfsi_plus_gutenberg_text_before_share":"","sfsi_plus_gutenberg_show_text_before_share":"","sfsi_plus_gutenberg_icon_type":"","sfsi_plus_gutenberg_icon_alignemt":"","sfsi_plus_gutenburg_max_per_row":"","footnotes":""},"categories":[2],"tags":[],"class_list":["post-121427","post","type-post","status-publish","format-standard","has-post-thumbnail","hentry","category-geral"],"_links":{"self":[{"href":"https:\/\/www.caririemacao.com\/1\/wp-json\/wp\/v2\/posts\/121427","targetHints":{"allow":["GET"]}}],"collection":[{"href":"https:\/\/www.caririemacao.com\/1\/wp-json\/wp\/v2\/posts"}],"about":[{"href":"https:\/\/www.caririemacao.com\/1\/wp-json\/wp\/v2\/types\/post"}],"author":[{"embeddable":true,"href":"https:\/\/www.caririemacao.com\/1\/wp-json\/wp\/v2\/users\/1"}],"replies":[{"embeddable":true,"href":"https:\/\/www.caririemacao.com\/1\/wp-json\/wp\/v2\/comments?post=121427"}],"version-history":[{"count":1,"href":"https:\/\/www.caririemacao.com\/1\/wp-json\/wp\/v2\/posts\/121427\/revisions"}],"predecessor-version":[{"id":121429,"href":"https:\/\/www.caririemacao.com\/1\/wp-json\/wp\/v2\/posts\/121427\/revisions\/121429"}],"wp:featuredmedia":[{"embeddable":true,"href":"https:\/\/www.caririemacao.com\/1\/wp-json\/wp\/v2\/media\/121428"}],"wp:attachment":[{"href":"https:\/\/www.caririemacao.com\/1\/wp-json\/wp\/v2\/media?parent=121427"}],"wp:term":[{"taxonomy":"category","embeddable":true,"href":"https:\/\/www.caririemacao.com\/1\/wp-json\/wp\/v2\/categories?post=121427"},{"taxonomy":"post_tag","embeddable":true,"href":"https:\/\/www.caririemacao.com\/1\/wp-json\/wp\/v2\/tags?post=121427"}],"curies":[{"name":"wp","href":"https:\/\/api.w.org\/{rel}","templated":true}]}}