{"id":121430,"date":"2019-09-29T09:43:51","date_gmt":"2019-09-29T12:43:51","guid":{"rendered":"http:\/\/www.caririemacao.com\/1\/?p=121430"},"modified":"2019-09-29T09:43:51","modified_gmt":"2019-09-29T12:43:51","slug":"huck-e-globo-burlam-lei-eleitoral-e-fazem-campanha-antecipada-para-presidente","status":"publish","type":"post","link":"https:\/\/www.caririemacao.com\/1\/2019\/09\/29\/huck-e-globo-burlam-lei-eleitoral-e-fazem-campanha-antecipada-para-presidente\/","title":{"rendered":"Huck e Globo burlam lei eleitoral e fazem campanha antecipada para presidente"},"content":{"rendered":"\n<p>O apresentador Luciano Huck j\u00e1 n\u00e3o esconde mais sua pretens\u00e3o de disputar as pr\u00f3ximas elei\u00e7\u00f5es presidenciais, em 2022. Para isso, come\u00e7a a usar o poderoso ve\u00edculo no qual trabalha, a Rede Globo, para fazer campanha antecipada.<\/p>\n\n\n\n<p>Neste s\u00e1bado (28), durante apresenta\u00e7\u00e3o do seu programa, \u201cCaldeir\u00e3o do Huck\u201d, ele exibiu uma \u201creportagem\u201d, na qual mostra, ao lado do youtuber Whindersson Nunes, o Rally dos Sert\u00f5es, no Piau\u00ed, e as dificuldades do povo do interior do Nordeste. O humorista e youtuber conta com mais de 32 milh\u00f5es de inscritos no seu canal.<\/p>\n\n\n\n<p>A \u201cmat\u00e9ria\u201d, com cerca de 20 minutos de dura\u00e7\u00e3o, sinaliza que Huck est\u00e1 em plena campanha eleitoral. Ele parou em povoados do interior piauiense, conversou com as pessoas, exatamente como um aut\u00eantico candidato.<\/p>\n\n\n\n<figure class=\"wp-block-image is-resized\"><img fetchpriority=\"high\" decoding=\"async\" src=\"https:\/\/www.wscom.com.br\/wp-content\/uploads\/2019\/09\/2019-09-29-3-300x169.png\" alt=\"\" class=\"wp-image-645187\" width=\"423\" height=\"238\"\/><figcaption>Foto: Reprodu\u00e7\u00e3o<\/figcaption><\/figure>\n\n\n\n<p>As pessoas disseram que n\u00e3o h\u00e1 energia el\u00e9trica no local e reclamaram da falta de infraestrutura. Huck escutava e respondia que estava conhecendo o Brasil.<\/p>\n\n\n\n<p><em><strong>Por Brasil 247<\/strong><\/em><\/p>\n","protected":false},"excerpt":{"rendered":"<p>O apresentador Luciano Huck j\u00e1 n\u00e3o esconde mais sua pretens\u00e3o de disputar as pr\u00f3ximas elei\u00e7\u00f5es presidenciais, em 2022. Para isso, come\u00e7a a usar o poderoso&hellip; <\/p>\n","protected":false},"author":1,"featured_media":34048,"comment_status":"closed","ping_status":"closed","sticky":false,"template":"","format":"standard","meta":{"sfsi_plus_gutenberg_text_before_share":"","sfsi_plus_gutenberg_show_text_before_share":"","sfsi_plus_gutenberg_icon_type":"","sfsi_plus_gutenberg_icon_alignemt":"","sfsi_plus_gutenburg_max_per_row":"","footnotes":""},"categories":[50],"tags":[],"class_list":["post-121430","post","type-post","status-publish","format-standard","has-post-thumbnail","hentry","category-destaque"],"_links":{"self":[{"href":"https:\/\/www.caririemacao.com\/1\/wp-json\/wp\/v2\/posts\/121430","targetHints":{"allow":["GET"]}}],"collection":[{"href":"https:\/\/www.caririemacao.com\/1\/wp-json\/wp\/v2\/posts"}],"about":[{"href":"https:\/\/www.caririemacao.com\/1\/wp-json\/wp\/v2\/types\/post"}],"author":[{"embeddable":true,"href":"https:\/\/www.caririemacao.com\/1\/wp-json\/wp\/v2\/users\/1"}],"replies":[{"embeddable":true,"href":"https:\/\/www.caririemacao.com\/1\/wp-json\/wp\/v2\/comments?post=121430"}],"version-history":[{"count":1,"href":"https:\/\/www.caririemacao.com\/1\/wp-json\/wp\/v2\/posts\/121430\/revisions"}],"predecessor-version":[{"id":121431,"href":"https:\/\/www.caririemacao.com\/1\/wp-json\/wp\/v2\/posts\/121430\/revisions\/121431"}],"wp:featuredmedia":[{"embeddable":true,"href":"https:\/\/www.caririemacao.com\/1\/wp-json\/wp\/v2\/media\/34048"}],"wp:attachment":[{"href":"https:\/\/www.caririemacao.com\/1\/wp-json\/wp\/v2\/media?parent=121430"}],"wp:term":[{"taxonomy":"category","embeddable":true,"href":"https:\/\/www.caririemacao.com\/1\/wp-json\/wp\/v2\/categories?post=121430"},{"taxonomy":"post_tag","embeddable":true,"href":"https:\/\/www.caririemacao.com\/1\/wp-json\/wp\/v2\/tags?post=121430"}],"curies":[{"name":"wp","href":"https:\/\/api.w.org\/{rel}","templated":true}]}}