{"id":121432,"date":"2019-09-29T09:53:06","date_gmt":"2019-09-29T12:53:06","guid":{"rendered":"http:\/\/www.caririemacao.com\/1\/?p=121432"},"modified":"2019-09-29T09:53:06","modified_gmt":"2019-09-29T12:53:06","slug":"processo-contra-lula-sobre-o-sitio-de-atibaia-deve-retroceder-nove-meses","status":"publish","type":"post","link":"https:\/\/www.caririemacao.com\/1\/2019\/09\/29\/processo-contra-lula-sobre-o-sitio-de-atibaia-deve-retroceder-nove-meses\/","title":{"rendered":"Processo contra Lula sobre o s\u00edtio de Atibaia deve retroceder nove meses"},"content":{"rendered":"\n<p>\u201cO processo em que o ex-presidente Lula foi condenado em primeira inst\u00e2ncia a 12 anos e 11 meses por corrup\u00e7\u00e3o e lavagem em decorr\u00eancia de reformas em um s\u00edtio de Atibaia (SP) j\u00e1 se encaminhava para a fase decisiva na segunda inst\u00e2ncia, mas agora tende a ser revisto\u201d, informa o jornalista Felipe Bachtold, em reportagem&nbsp;publicada na Folha de S. Paulo.<\/p>\n\n\n\n<p>O motivo \u00e9 a\u00a0nova jurisprud\u00eancia do Supremo Tribunal Federal, que determina que delatados devem se manifestar ap\u00f3s a posi\u00e7\u00e3o dos delatores que os acusam.<\/p>\n\n\n\n<p>\n\n\u201cAl\u00e9m das etapas a serem refeitas, outro fator deve impactar o andamento dessa a\u00e7\u00e3o penal contra o ex-presidente: o caso mudar\u00e1 de m\u00e3os. Agora, a senten\u00e7a dever\u00e1 ser de responsabilidade de um magistrado que ainda n\u00e3o havia se debru\u00e7ado sobre o assunto, o juiz Luiz Antonio Bonat, que assumiu a titularidade da Vara Federal da Lava Jato em mar\u00e7o deste ano. Com a eventual anula\u00e7\u00e3o da senten\u00e7a de Hardt, Bonat precisar\u00e1 revisitar uma s\u00e9rie de numerosas provas colhidas ao longo do processo, que foi aberto em agosto de 2017\u201d, informa ainda Bachtold.\n\n<\/p>\n","protected":false},"excerpt":{"rendered":"<p>\u201cO processo em que o ex-presidente Lula foi condenado em primeira inst\u00e2ncia a 12 anos e 11 meses por corrup\u00e7\u00e3o e lavagem em decorr\u00eancia de&hellip; <\/p>\n","protected":false},"author":1,"featured_media":112613,"comment_status":"closed","ping_status":"closed","sticky":false,"template":"","format":"standard","meta":{"sfsi_plus_gutenberg_text_before_share":"","sfsi_plus_gutenberg_show_text_before_share":"","sfsi_plus_gutenberg_icon_type":"","sfsi_plus_gutenberg_icon_alignemt":"","sfsi_plus_gutenburg_max_per_row":"","footnotes":""},"categories":[11],"tags":[],"class_list":["post-121432","post","type-post","status-publish","format-standard","has-post-thumbnail","hentry","category-politica"],"_links":{"self":[{"href":"https:\/\/www.caririemacao.com\/1\/wp-json\/wp\/v2\/posts\/121432","targetHints":{"allow":["GET"]}}],"collection":[{"href":"https:\/\/www.caririemacao.com\/1\/wp-json\/wp\/v2\/posts"}],"about":[{"href":"https:\/\/www.caririemacao.com\/1\/wp-json\/wp\/v2\/types\/post"}],"author":[{"embeddable":true,"href":"https:\/\/www.caririemacao.com\/1\/wp-json\/wp\/v2\/users\/1"}],"replies":[{"embeddable":true,"href":"https:\/\/www.caririemacao.com\/1\/wp-json\/wp\/v2\/comments?post=121432"}],"version-history":[{"count":1,"href":"https:\/\/www.caririemacao.com\/1\/wp-json\/wp\/v2\/posts\/121432\/revisions"}],"predecessor-version":[{"id":121433,"href":"https:\/\/www.caririemacao.com\/1\/wp-json\/wp\/v2\/posts\/121432\/revisions\/121433"}],"wp:featuredmedia":[{"embeddable":true,"href":"https:\/\/www.caririemacao.com\/1\/wp-json\/wp\/v2\/media\/112613"}],"wp:attachment":[{"href":"https:\/\/www.caririemacao.com\/1\/wp-json\/wp\/v2\/media?parent=121432"}],"wp:term":[{"taxonomy":"category","embeddable":true,"href":"https:\/\/www.caririemacao.com\/1\/wp-json\/wp\/v2\/categories?post=121432"},{"taxonomy":"post_tag","embeddable":true,"href":"https:\/\/www.caririemacao.com\/1\/wp-json\/wp\/v2\/tags?post=121432"}],"curies":[{"name":"wp","href":"https:\/\/api.w.org\/{rel}","templated":true}]}}