{"id":121445,"date":"2019-09-29T10:26:33","date_gmt":"2019-09-29T13:26:33","guid":{"rendered":"http:\/\/www.caririemacao.com\/1\/?p=121445"},"modified":"2019-09-29T10:26:33","modified_gmt":"2019-09-29T13:26:33","slug":"bolsonaro-usou-carro-blindado-em-nova-york-e-decretou-sigilo-de-25-anos-nos-gastos","status":"publish","type":"post","link":"https:\/\/www.caririemacao.com\/1\/2019\/09\/29\/bolsonaro-usou-carro-blindado-em-nova-york-e-decretou-sigilo-de-25-anos-nos-gastos\/","title":{"rendered":"Bolsonaro usou carro blindado em Nova York e decretou sigilo de 25 anos nos gastos"},"content":{"rendered":"\n<p>\n\n&#8220;A Presid\u00eancia da Rep\u00fablica exigiu que o carro que transportou Jair Bolsonaro em Nova York fosse blindado. Nunca antes na hist\u00f3ria deste pa\u00eds um presidente requisitou um autom\u00f3vel blindado para andar pelas ruas da cidade americana&#8221;, informa o jornalista Lauro Jardim, em sua&nbsp;<a href=\"https:\/\/blogs.oglobo.globo.com\/lauro-jardim\/post\/governo-bota-em-sigilo-valor-de-carro-usado-por-bolsonaro-em-ny.html\">coluna<\/a>. &#8220;Quanto custou esse cuidado a mais? Os brasileiros ter\u00e3o que esperar at\u00e9 2044 para saber. O valor do aluguel do autom\u00f3vel, acredite, est\u00e1 protegido por um sigilo de 25 anos&#8221;, diz ele.\n\n<\/p>\n","protected":false},"excerpt":{"rendered":"<p>&#8220;A Presid\u00eancia da Rep\u00fablica exigiu que o carro que transportou Jair Bolsonaro em Nova York fosse blindado. Nunca antes na hist\u00f3ria deste pa\u00eds um presidente&hellip; <\/p>\n","protected":false},"author":1,"featured_media":119718,"comment_status":"closed","ping_status":"closed","sticky":false,"template":"","format":"standard","meta":{"sfsi_plus_gutenberg_text_before_share":"","sfsi_plus_gutenberg_show_text_before_share":"","sfsi_plus_gutenberg_icon_type":"","sfsi_plus_gutenberg_icon_alignemt":"","sfsi_plus_gutenburg_max_per_row":"","footnotes":""},"categories":[11],"tags":[],"class_list":["post-121445","post","type-post","status-publish","format-standard","has-post-thumbnail","hentry","category-politica"],"_links":{"self":[{"href":"https:\/\/www.caririemacao.com\/1\/wp-json\/wp\/v2\/posts\/121445","targetHints":{"allow":["GET"]}}],"collection":[{"href":"https:\/\/www.caririemacao.com\/1\/wp-json\/wp\/v2\/posts"}],"about":[{"href":"https:\/\/www.caririemacao.com\/1\/wp-json\/wp\/v2\/types\/post"}],"author":[{"embeddable":true,"href":"https:\/\/www.caririemacao.com\/1\/wp-json\/wp\/v2\/users\/1"}],"replies":[{"embeddable":true,"href":"https:\/\/www.caririemacao.com\/1\/wp-json\/wp\/v2\/comments?post=121445"}],"version-history":[{"count":1,"href":"https:\/\/www.caririemacao.com\/1\/wp-json\/wp\/v2\/posts\/121445\/revisions"}],"predecessor-version":[{"id":121446,"href":"https:\/\/www.caririemacao.com\/1\/wp-json\/wp\/v2\/posts\/121445\/revisions\/121446"}],"wp:featuredmedia":[{"embeddable":true,"href":"https:\/\/www.caririemacao.com\/1\/wp-json\/wp\/v2\/media\/119718"}],"wp:attachment":[{"href":"https:\/\/www.caririemacao.com\/1\/wp-json\/wp\/v2\/media?parent=121445"}],"wp:term":[{"taxonomy":"category","embeddable":true,"href":"https:\/\/www.caririemacao.com\/1\/wp-json\/wp\/v2\/categories?post=121445"},{"taxonomy":"post_tag","embeddable":true,"href":"https:\/\/www.caririemacao.com\/1\/wp-json\/wp\/v2\/tags?post=121445"}],"curies":[{"name":"wp","href":"https:\/\/api.w.org\/{rel}","templated":true}]}}