{"id":121447,"date":"2019-09-29T10:28:15","date_gmt":"2019-09-29T13:28:15","guid":{"rendered":"http:\/\/www.caririemacao.com\/1\/?p=121447"},"modified":"2019-09-29T10:28:15","modified_gmt":"2019-09-29T13:28:15","slug":"prefeito-adriano-wolff-agradece-a-todos-que-ajudaram-a-fazer-da-ii-expossu-uma-festa-grandiosa","status":"publish","type":"post","link":"https:\/\/www.caririemacao.com\/1\/2019\/09\/29\/prefeito-adriano-wolff-agradece-a-todos-que-ajudaram-a-fazer-da-ii-expossu-uma-festa-grandiosa\/","title":{"rendered":"Prefeito Adriano Wolff agradece a todos que ajudaram a fazer da II EXPOSSU, uma festa grandiosa"},"content":{"rendered":"\n<p> A festa de encerramento da II edi\u00e7\u00e3o da EXPOSSU em S\u00e3o Sebasti\u00e3o do Umbuzeiro contou com o reconhecimento da gest\u00e3o municipal a todos que colaboraram direta ou indiretamente com o sucesso do evento.<br>Este ano a EXPOSSU praticamente dobrou de tamanho, e a qualidade dos animais expostos e que participaram dos torneios n\u00e3o deixou nada a dever, \u00e0 grandes exposi\u00e7\u00f5es realizadas em todo o estado.<\/p>\n\n\n\n<p><br>O prefeito Adriano frisou que os produtores saosebastianenses podem ter certeza que est\u00e3o aptos para disputarem competi\u00e7\u00f5es em qualquer lugar.<br>O gestor ainda agradeceu a todos os parceiros que tornaram o sucesso da festa poss\u00edvel, em noite que foi encerrada com shows da banda Farra 1000 e da dupla Edy e Nathan.<\/p>\n\n\n\n<p><br>\u201cAgrade\u00e7o a todos os secret\u00e1rios nas pessoas de Di\u00eago e Paulo Feitosa, pois foram os que se envolveram mais diretamente. Agrade\u00e7o a parceria da ETE- Sert\u00e2nia, \u00e0 ULSAV MONTEIRO, aos nossos vereadores que colaboraram aprovando tudo que havia de necess\u00e1rio para a realiza\u00e7\u00e3o da festa, Denys, Celinha, C\u00edcero, Z\u00e9 de Dita, Jailson e Benardes; ao meu vice prefeito e parceiro Chico de Mariano que \u00e9 criador e nos ajudou com tantas informa\u00e7\u00f5es; agrade\u00e7o \u00e0 Valdir Neves e fam\u00edlia pelo lindo gesto e pelo exemplo que \u00e9; agrade\u00e7o a EMPAER , ao secret\u00e1rio Efraim Morais; ao governo do estado como um todo; ao BNB, ao CREDIAMIGO, ao nosso latic\u00ednio Vila do Caro\u00e1 na pessoa de sua presidente Maria Jos\u00e9; nossos amigos Toinho de D\u00eati, Lu\u00eds Silva; \u00e0 imprensa da regi\u00e3o; enfim \u00e0 cada um que ajudou a fazer desta exposi\u00e7\u00e3o um evento consolidado ao tempo em que j\u00e1 convido a todos para a edi\u00e7\u00e3o 2020 que com certeza vai ser ainda maior\u201d, finalizou o prefeito Adriano Wolff.<\/p>\n\n\n\n<p><br><strong>F\u00c1BIO BRITO<\/strong><\/p>\n","protected":false},"excerpt":{"rendered":"<p>A festa de encerramento da II edi\u00e7\u00e3o da EXPOSSU em S\u00e3o Sebasti\u00e3o do Umbuzeiro contou com o reconhecimento da gest\u00e3o municipal a todos que colaboraram&hellip; <\/p>\n","protected":false},"author":1,"featured_media":121448,"comment_status":"closed","ping_status":"closed","sticky":false,"template":"","format":"standard","meta":{"sfsi_plus_gutenberg_text_before_share":"","sfsi_plus_gutenberg_show_text_before_share":"","sfsi_plus_gutenberg_icon_type":"","sfsi_plus_gutenberg_icon_alignemt":"","sfsi_plus_gutenburg_max_per_row":"","footnotes":""},"categories":[6,50],"tags":[],"class_list":["post-121447","post","type-post","status-publish","format-standard","has-post-thumbnail","hentry","category-cidades","category-destaque"],"_links":{"self":[{"href":"https:\/\/www.caririemacao.com\/1\/wp-json\/wp\/v2\/posts\/121447","targetHints":{"allow":["GET"]}}],"collection":[{"href":"https:\/\/www.caririemacao.com\/1\/wp-json\/wp\/v2\/posts"}],"about":[{"href":"https:\/\/www.caririemacao.com\/1\/wp-json\/wp\/v2\/types\/post"}],"author":[{"embeddable":true,"href":"https:\/\/www.caririemacao.com\/1\/wp-json\/wp\/v2\/users\/1"}],"replies":[{"embeddable":true,"href":"https:\/\/www.caririemacao.com\/1\/wp-json\/wp\/v2\/comments?post=121447"}],"version-history":[{"count":1,"href":"https:\/\/www.caririemacao.com\/1\/wp-json\/wp\/v2\/posts\/121447\/revisions"}],"predecessor-version":[{"id":121449,"href":"https:\/\/www.caririemacao.com\/1\/wp-json\/wp\/v2\/posts\/121447\/revisions\/121449"}],"wp:featuredmedia":[{"embeddable":true,"href":"https:\/\/www.caririemacao.com\/1\/wp-json\/wp\/v2\/media\/121448"}],"wp:attachment":[{"href":"https:\/\/www.caririemacao.com\/1\/wp-json\/wp\/v2\/media?parent=121447"}],"wp:term":[{"taxonomy":"category","embeddable":true,"href":"https:\/\/www.caririemacao.com\/1\/wp-json\/wp\/v2\/categories?post=121447"},{"taxonomy":"post_tag","embeddable":true,"href":"https:\/\/www.caririemacao.com\/1\/wp-json\/wp\/v2\/tags?post=121447"}],"curies":[{"name":"wp","href":"https:\/\/api.w.org\/{rel}","templated":true}]}}