{"id":121496,"date":"2019-09-30T07:19:54","date_gmt":"2019-09-30T10:19:54","guid":{"rendered":"http:\/\/www.caririemacao.com\/1\/?p=121496"},"modified":"2019-09-30T07:19:54","modified_gmt":"2019-09-30T10:19:54","slug":"governador-assina-nesta-segunda-protocolo-de-intencoes-com-sebrae-para-estimular-empreendedorismo","status":"publish","type":"post","link":"https:\/\/www.caririemacao.com\/1\/2019\/09\/30\/governador-assina-nesta-segunda-protocolo-de-intencoes-com-sebrae-para-estimular-empreendedorismo\/","title":{"rendered":"Governador assina nesta segunda protocolo de inten\u00e7\u00f5es com Sebrae para estimular empreendedorismo"},"content":{"rendered":"\n<p>O governador Jo\u00e3o Azev\u00eado assina, nesta segunda-feira (30), protocolo de inten\u00e7\u00f5es entre o Governo do Estado e o Sebrae Para\u00edba para estimular o empreendedorismo e participa da assinatura de contratos de concess\u00e3o de cr\u00e9dito do Empreender PB pela linha Pessoa Jur\u00eddica. A solenidade ser\u00e1 realizada \u00e0s 10h, no Sal\u00e3o Nobre do Pal\u00e1cio da Reden\u00e7\u00e3o.&nbsp;<\/p>\n\n\n\n<p>A parceria entre o Governo do Estado, por meio do Empreender PB, e o Sebrae Para\u00edba visa a promo\u00e7\u00e3o da competitividade e o desenvolvimento sustent\u00e1vel dos pequenos neg\u00f3cios, al\u00e9m de estimular o empreendedorismo, fortalecendo a economia do estado.<\/p>\n\n\n\n<p>O objetivo \u00e9 combinar esfor\u00e7os entre as partes para desenvolvimento dos programas\/projetos, visando contribuir para o surgimento de novos neg\u00f3cios, desenvolver neg\u00f3cios j\u00e1 existentes, bem como de produtos e servi\u00e7os que apresentem reais oportunidades para o Estado da Para\u00edba.<\/p>\n\n\n\n<p>Na solenidade ainda acontecer\u00e1 a posse das pessoas que ir\u00e3o compor o conselho gestor do Empreender Para\u00edba e assinaturas de contratos da linha de cr\u00e9dito Pessoa Jur\u00eddica.&nbsp;&nbsp;<\/p>\n\n\n\n<p>Participar\u00e3o da solenidade o secret\u00e1rio executivo de Empreendedorismo, Fabricio Feitosa, e o diretor superintendente do Sebrae PB, Walter Aguiar.<\/p>\n","protected":false},"excerpt":{"rendered":"<p>O governador Jo\u00e3o Azev\u00eado assina, nesta segunda-feira (30), protocolo de inten\u00e7\u00f5es entre o Governo do Estado e o Sebrae Para\u00edba para estimular o empreendedorismo e&hellip; <\/p>\n","protected":false},"author":1,"featured_media":119325,"comment_status":"closed","ping_status":"closed","sticky":false,"template":"","format":"standard","meta":{"sfsi_plus_gutenberg_text_before_share":"","sfsi_plus_gutenberg_show_text_before_share":"","sfsi_plus_gutenberg_icon_type":"","sfsi_plus_gutenberg_icon_alignemt":"","sfsi_plus_gutenburg_max_per_row":"","footnotes":""},"categories":[2],"tags":[],"class_list":["post-121496","post","type-post","status-publish","format-standard","has-post-thumbnail","hentry","category-geral"],"_links":{"self":[{"href":"https:\/\/www.caririemacao.com\/1\/wp-json\/wp\/v2\/posts\/121496","targetHints":{"allow":["GET"]}}],"collection":[{"href":"https:\/\/www.caririemacao.com\/1\/wp-json\/wp\/v2\/posts"}],"about":[{"href":"https:\/\/www.caririemacao.com\/1\/wp-json\/wp\/v2\/types\/post"}],"author":[{"embeddable":true,"href":"https:\/\/www.caririemacao.com\/1\/wp-json\/wp\/v2\/users\/1"}],"replies":[{"embeddable":true,"href":"https:\/\/www.caririemacao.com\/1\/wp-json\/wp\/v2\/comments?post=121496"}],"version-history":[{"count":1,"href":"https:\/\/www.caririemacao.com\/1\/wp-json\/wp\/v2\/posts\/121496\/revisions"}],"predecessor-version":[{"id":121502,"href":"https:\/\/www.caririemacao.com\/1\/wp-json\/wp\/v2\/posts\/121496\/revisions\/121502"}],"wp:featuredmedia":[{"embeddable":true,"href":"https:\/\/www.caririemacao.com\/1\/wp-json\/wp\/v2\/media\/119325"}],"wp:attachment":[{"href":"https:\/\/www.caririemacao.com\/1\/wp-json\/wp\/v2\/media?parent=121496"}],"wp:term":[{"taxonomy":"category","embeddable":true,"href":"https:\/\/www.caririemacao.com\/1\/wp-json\/wp\/v2\/categories?post=121496"},{"taxonomy":"post_tag","embeddable":true,"href":"https:\/\/www.caririemacao.com\/1\/wp-json\/wp\/v2\/tags?post=121496"}],"curies":[{"name":"wp","href":"https:\/\/api.w.org\/{rel}","templated":true}]}}