{"id":121511,"date":"2019-09-30T07:21:54","date_gmt":"2019-09-30T10:21:54","guid":{"rendered":"http:\/\/www.caririemacao.com\/1\/?p=121511"},"modified":"2019-09-30T07:21:54","modified_gmt":"2019-09-30T10:21:54","slug":"jovem-e-assassinado-a-tiros-em-bayeux","status":"publish","type":"post","link":"https:\/\/www.caririemacao.com\/1\/2019\/09\/30\/jovem-e-assassinado-a-tiros-em-bayeux\/","title":{"rendered":"Jovem \u00e9 assassinado a tiros em Bayeux"},"content":{"rendered":"\n<p>Um jovem de 22 anos foi assassinado a tiros, na madrugada desta segunda-feira (30), no munic\u00edpio de Bayeux, na Para\u00edba. Ailton Bernardo da Silva estava na comunidade Viveiro, no bairro S\u00e3o Bento, quando foi surpreendido por dois homens em uma motocicleta.&nbsp;<\/p>\n\n\n\n<p>Os suspeitos realizaram os disparos contra a v\u00edtima e logo em seguida fugiram.&nbsp;<\/p>\n\n\n\n<p>O jovem chegou a ser socorrido para Unidade de Pronto Atendimento (UPA) da cidade, mas n\u00e3o resistiu aos ferimentos e morreu.<\/p>\n\n\n\n<p>A Pol\u00edcia n\u00e3o tem informa\u00e7\u00f5es do que ocasionou o crime e a identidade dos suspeitos.<\/p>\n","protected":false},"excerpt":{"rendered":"<p>Um jovem de 22 anos foi assassinado a tiros, na madrugada desta segunda-feira (30), no munic\u00edpio de Bayeux, na Para\u00edba. Ailton Bernardo da Silva estava&hellip; <\/p>\n","protected":false},"author":1,"featured_media":121513,"comment_status":"closed","ping_status":"closed","sticky":false,"template":"","format":"standard","meta":{"sfsi_plus_gutenberg_text_before_share":"","sfsi_plus_gutenberg_show_text_before_share":"","sfsi_plus_gutenberg_icon_type":"","sfsi_plus_gutenberg_icon_alignemt":"","sfsi_plus_gutenburg_max_per_row":"","footnotes":""},"categories":[12],"tags":[],"class_list":["post-121511","post","type-post","status-publish","format-standard","has-post-thumbnail","hentry","category-policia"],"_links":{"self":[{"href":"https:\/\/www.caririemacao.com\/1\/wp-json\/wp\/v2\/posts\/121511","targetHints":{"allow":["GET"]}}],"collection":[{"href":"https:\/\/www.caririemacao.com\/1\/wp-json\/wp\/v2\/posts"}],"about":[{"href":"https:\/\/www.caririemacao.com\/1\/wp-json\/wp\/v2\/types\/post"}],"author":[{"embeddable":true,"href":"https:\/\/www.caririemacao.com\/1\/wp-json\/wp\/v2\/users\/1"}],"replies":[{"embeddable":true,"href":"https:\/\/www.caririemacao.com\/1\/wp-json\/wp\/v2\/comments?post=121511"}],"version-history":[{"count":1,"href":"https:\/\/www.caririemacao.com\/1\/wp-json\/wp\/v2\/posts\/121511\/revisions"}],"predecessor-version":[{"id":121514,"href":"https:\/\/www.caririemacao.com\/1\/wp-json\/wp\/v2\/posts\/121511\/revisions\/121514"}],"wp:featuredmedia":[{"embeddable":true,"href":"https:\/\/www.caririemacao.com\/1\/wp-json\/wp\/v2\/media\/121513"}],"wp:attachment":[{"href":"https:\/\/www.caririemacao.com\/1\/wp-json\/wp\/v2\/media?parent=121511"}],"wp:term":[{"taxonomy":"category","embeddable":true,"href":"https:\/\/www.caririemacao.com\/1\/wp-json\/wp\/v2\/categories?post=121511"},{"taxonomy":"post_tag","embeddable":true,"href":"https:\/\/www.caririemacao.com\/1\/wp-json\/wp\/v2\/tags?post=121511"}],"curies":[{"name":"wp","href":"https:\/\/api.w.org\/{rel}","templated":true}]}}