{"id":121535,"date":"2019-09-30T07:28:38","date_gmt":"2019-09-30T10:28:38","guid":{"rendered":"http:\/\/www.caririemacao.com\/1\/?p=121535"},"modified":"2019-09-30T07:28:38","modified_gmt":"2019-09-30T10:28:38","slug":"elza-soares-grita-pelas-travestis-marielle-e-agatha-felix-no-rock-in-rio","status":"publish","type":"post","link":"https:\/\/www.caririemacao.com\/1\/2019\/09\/30\/elza-soares-grita-pelas-travestis-marielle-e-agatha-felix-no-rock-in-rio\/","title":{"rendered":"Elza Soares grita pelas travestis, Marielle e \u00c1gatha F\u00e9lix no Rock in Rio"},"content":{"rendered":"\n<p>Uma apresenta\u00e7\u00e3o de Elza Soares j\u00e1 \u00e9 poderosa por si s\u00f3, mas sua presen\u00e7a no lineup de um megafestival como o Rock in Rio, com um disco rec\u00e9m-lan\u00e7ado e ao lado de cantores da nova gera\u00e7\u00e3o parece deixar tudo ainda maior.<\/p>\n\n\n\n<p>Em uma hora de show em um palco todo amarelo, neste domingo (29), a cantora carioca percorreu especialmente os \u00faltimos anos de sua carreira, per\u00edodo em que lan\u00e7ou os grandiosos &#8220;A Mulher do Fim do Mundo&#8221;, de 2015, &#8220;Deus \u00c9 Mulher&#8221;, de 2018 e o mais recente, &#8220;Planeta Fome&#8221;, deste m\u00eas.<\/p>\n\n\n\n<p>A mistura de sonoridade e letras fortes ganham novas roupagens ao vivo, mais eletr\u00f4nicas e com batidas mais pesadas\u2013 e por vezes mais altas que a pr\u00f3pria voz de Elza, que reclamou algumas vezes do som.<\/p>\n\n\n\n<p>Tudo acompanhado pelo p\u00fablico grande e participativo do palco Sunset, que seguiu gritos de &#8220;viva as travestis&#8221; puxados na participa\u00e7\u00e3o de As Bahias e A Cozinha Mineira em &#8220;Se Acaso Voc\u00ea Chegasse&#8221;. Tamb\u00e9m respondeu com &#8220;n\u00e3o \u00e9 n\u00e3o&#8221; quando Elza antecipou &#8220;Maria da Vila Matilde&#8221; declarando que &#8220;gemer agora s\u00f3 de prazer&#8221;.<\/p>\n\n\n\n<p>&#8220;A gente vive num pa\u00eds de sonho. Esse povo sofrido que sonha com um lugar melhor para viver. \u00c9 preciso acordar, lutar, ir para as ruas, aprender a votar&#8221;, disse Elza antes de cantar &#8220;Pa\u00eds dos Sonhos&#8221;. &#8220;N\u00f3s n\u00e3o sabemos votar, precisamos aprender. Esse Rio de Janeiro acabado, completamente distorcido&#8221;, completou, seguida de gritos da plateia contra o presidente Jair Bolsonaro.<\/p>\n\n\n\n<p>Ela ainda citou os nomes de \u00c1gatha F\u00e9lix, Marielle Franco e Evaldo Rosa dos Santos.<\/p>\n\n\n\n<p>No show com mais participa\u00e7\u00f5es especiais do Rock in Rio at\u00e9 agora, a carioca ainda chamou ao palco o rapper Edgar, que a acompanhou em &#8220;Chega&#8221;, Jessica Ellen e Rafael Mike em &#8220;A Carne&#8221;, e Kell Smith.<\/p>\n\n\n\n<p>A mistura com novos artistas n\u00e3o \u00e9 at\u00edpica para Elza, que acompanha de perto a nova m\u00fasica brasileira.<\/p>\n\n\n\n<p>Seus \u00faltimos discos t\u00eam envolvimento de uma lista enorme de nomes de destaque, como Tulipa Ruiz, Russo Passapusso, BNeg\u00e3o, Mari\u00e1 Portugal, Kiko Dinucci, Guilherme Kastrup, Romulo Fr\u00f3es e Caio Prado, para citar alguns.<\/p>\n\n\n\n<p>A cantora terminou a apresenta\u00e7\u00e3o cantando &#8220;Volta por Cima&#8221; ao lado de seus convidados, com um &#8220;eu n\u00e3o vou sucumbir&#8221; no tel\u00e3o e declara\u00e7\u00f5es de amor da plateia.<\/p>\n","protected":false},"excerpt":{"rendered":"<p>Uma apresenta\u00e7\u00e3o de Elza Soares j\u00e1 \u00e9 poderosa por si s\u00f3, mas sua presen\u00e7a no lineup de um megafestival como o Rock in Rio, com&hellip; <\/p>\n","protected":false},"author":1,"featured_media":121538,"comment_status":"closed","ping_status":"closed","sticky":false,"template":"","format":"standard","meta":{"sfsi_plus_gutenberg_text_before_share":"","sfsi_plus_gutenberg_show_text_before_share":"","sfsi_plus_gutenberg_icon_type":"","sfsi_plus_gutenberg_icon_alignemt":"","sfsi_plus_gutenburg_max_per_row":"","footnotes":""},"categories":[2],"tags":[],"class_list":["post-121535","post","type-post","status-publish","format-standard","has-post-thumbnail","hentry","category-geral"],"_links":{"self":[{"href":"https:\/\/www.caririemacao.com\/1\/wp-json\/wp\/v2\/posts\/121535","targetHints":{"allow":["GET"]}}],"collection":[{"href":"https:\/\/www.caririemacao.com\/1\/wp-json\/wp\/v2\/posts"}],"about":[{"href":"https:\/\/www.caririemacao.com\/1\/wp-json\/wp\/v2\/types\/post"}],"author":[{"embeddable":true,"href":"https:\/\/www.caririemacao.com\/1\/wp-json\/wp\/v2\/users\/1"}],"replies":[{"embeddable":true,"href":"https:\/\/www.caririemacao.com\/1\/wp-json\/wp\/v2\/comments?post=121535"}],"version-history":[{"count":1,"href":"https:\/\/www.caririemacao.com\/1\/wp-json\/wp\/v2\/posts\/121535\/revisions"}],"predecessor-version":[{"id":121539,"href":"https:\/\/www.caririemacao.com\/1\/wp-json\/wp\/v2\/posts\/121535\/revisions\/121539"}],"wp:featuredmedia":[{"embeddable":true,"href":"https:\/\/www.caririemacao.com\/1\/wp-json\/wp\/v2\/media\/121538"}],"wp:attachment":[{"href":"https:\/\/www.caririemacao.com\/1\/wp-json\/wp\/v2\/media?parent=121535"}],"wp:term":[{"taxonomy":"category","embeddable":true,"href":"https:\/\/www.caririemacao.com\/1\/wp-json\/wp\/v2\/categories?post=121535"},{"taxonomy":"post_tag","embeddable":true,"href":"https:\/\/www.caririemacao.com\/1\/wp-json\/wp\/v2\/tags?post=121535"}],"curies":[{"name":"wp","href":"https:\/\/api.w.org\/{rel}","templated":true}]}}