{"id":121561,"date":"2019-09-30T07:32:36","date_gmt":"2019-09-30T10:32:36","guid":{"rendered":"http:\/\/www.caririemacao.com\/1\/?p=121561"},"modified":"2019-09-30T07:32:36","modified_gmt":"2019-09-30T10:32:36","slug":"ira-pede-ao-setor-petrolifero-que-se-prepare-para-ataque-dos-eua","status":"publish","type":"post","link":"https:\/\/www.caririemacao.com\/1\/2019\/09\/30\/ira-pede-ao-setor-petrolifero-que-se-prepare-para-ataque-dos-eua\/","title":{"rendered":"Ir\u00e3 pede ao setor petrol\u00edfero que se prepare para ataque dos EUA"},"content":{"rendered":"\n<p>O ministro iraniano do Petr\u00f3leo, Biyan Zangan\u00e9, pediu hoje (29) a todas as empresas e instala\u00e7\u00f5es do setor petrol\u00edfero do pa\u00eds que estejam em estado &#8220;totalmente alerta&#8221; face a um poss\u00edvel ataque f\u00edsico ou cibern\u00e9tico dos Estados Unidos.<\/p>\n\n\n\n<p>Zangan\u00e9, que recentemente supervisionou a seguran\u00e7a de v\u00e1rias refinarias, ordenou que todas &#8220;as medidas administrativas, t\u00e9cnicas e operacionais necess\u00e1rias para proteger as instala\u00e7\u00f5es&#8221; sejam adotadas de imediato.<\/p>\n\n\n\n<p>As declara\u00e7\u00f5es do ministro iraniano foram feitas na sequ\u00eancia da pondera\u00e7\u00e3o que os Estados Unidos admitiram estar fazendo sobre a possibilidade de realizar um ataque seletivo contra o Ir\u00e3 que, entre op\u00e7\u00f5es, inclua ataques cibern\u00e9ticos contra refinarias e outras instala\u00e7\u00f5es do setor de energia.<\/p>\n\n\n\n<p>A avalia\u00e7\u00e3o dos Estados Unidos surge como repres\u00e1lia pelos ataques, em 14 de setembro, contra duas instala\u00e7\u00f5es da companhia de petr\u00f3leo saudita Aramco, pelas quais os EUA e a Ar\u00e1bia Saudita responsabilizam o Ir\u00e3, embora o governo iraniano negue qualquer envolvimento.<\/p>\n\n\n\n<p>Biyan Zangan\u00e9 disse ser necess\u00e1rio estar preparado para &#8220;enfrentar situa\u00e7\u00f5es de emerg\u00eancia e minimizar qualquer dano, quer nas instala\u00e7\u00f5es, quer dos habitantes&#8221; da \u00e1rea, informou a ag\u00eancia oficial iraniana de not\u00edcias.<\/p>\n\n\n\n<p><strong>Escalada de tens\u00e3o<\/strong><\/p>\n\n\n\n<p>A tens\u00e3o entre o Ir\u00e3 e os Estados Unidos tem aumentado desde o ano passado, quando o presidente dos EUA, Donald Trump, retirou o pa\u00eds do acordo nuclear de 2015 e imp\u00f4s novamente san\u00e7\u00f5es ao Ir\u00e3.<\/p>\n\n\n\n<p>O acordo de 2015, conclu\u00eddo ap\u00f3s v\u00e1rios anos de esfor\u00e7os diplom\u00e1ticos, prev\u00ea uma limita\u00e7\u00e3o do programa nuclear iraniano em troca do levantamento das san\u00e7\u00f5es internacionais contra o pa\u00eds.<\/p>\n\n\n\n<p>No entanto, em maio de 2018, os Estados Unidos decidiram retirar-se unilateralmente do acordo e restabeleceram san\u00e7\u00f5es punitivas contra o Ir\u00e3, impedindo a recupera\u00e7\u00e3o econ\u00f4mica pretendida pelo pa\u00eds.<\/p>\n\n\n\n<p>Um ano depois, em maio de 2019, e ap\u00f3s ter aguardado sem sucesso que as outras partes do acordo &#8211; Fran\u00e7a, Reino Unido, Alemanha, R\u00fassia e China e Uni\u00e3o Europeia &#8211; ajudassem o pa\u00eds a contornar as novas san\u00e7\u00f5es norte-americanas, o Ir\u00e3 anunciou que ia alterar progressivamente alguns dos compromissos assumidos.<\/p>\n\n\n\n<p>No in\u00edcio de julho, o governo iraniano anunciou o aumento do limite imposto \u00e0s suas reservas de ur\u00e2nio enriquecido para 4,5%, ultrapassando o m\u00e1ximo autorizado pelo acordo (3,67%).<\/p>\n\n\n\n<p>O chefe da diplomacia iraniana, Mohamad Yavad Zarif, garantiu, numa entrevista dada ontem (28) \u00e0 esta\u00e7\u00e3o norte-americana NBC, que os Estados Unidos &#8220;come\u00e7aram uma guerra cibern\u00e9tica&#8221;, garantindo, sem fornecer detalhes, que instala\u00e7\u00f5es nucleares foram atacadas &#8220;de uma maneira muito perigosa e irrespons\u00e1vel, que poderia ter matado milh\u00f5es de pessoas&#8221;.<\/p>\n","protected":false},"excerpt":{"rendered":"<p>O ministro iraniano do Petr\u00f3leo, Biyan Zangan\u00e9, pediu hoje (29) a todas as empresas e instala\u00e7\u00f5es do setor petrol\u00edfero do pa\u00eds que estejam em estado&hellip; <\/p>\n","protected":false},"author":1,"featured_media":121563,"comment_status":"closed","ping_status":"closed","sticky":false,"template":"","format":"standard","meta":{"sfsi_plus_gutenberg_text_before_share":"","sfsi_plus_gutenberg_show_text_before_share":"","sfsi_plus_gutenberg_icon_type":"","sfsi_plus_gutenberg_icon_alignemt":"","sfsi_plus_gutenburg_max_per_row":"","footnotes":""},"categories":[2],"tags":[],"class_list":["post-121561","post","type-post","status-publish","format-standard","has-post-thumbnail","hentry","category-geral"],"_links":{"self":[{"href":"https:\/\/www.caririemacao.com\/1\/wp-json\/wp\/v2\/posts\/121561","targetHints":{"allow":["GET"]}}],"collection":[{"href":"https:\/\/www.caririemacao.com\/1\/wp-json\/wp\/v2\/posts"}],"about":[{"href":"https:\/\/www.caririemacao.com\/1\/wp-json\/wp\/v2\/types\/post"}],"author":[{"embeddable":true,"href":"https:\/\/www.caririemacao.com\/1\/wp-json\/wp\/v2\/users\/1"}],"replies":[{"embeddable":true,"href":"https:\/\/www.caririemacao.com\/1\/wp-json\/wp\/v2\/comments?post=121561"}],"version-history":[{"count":1,"href":"https:\/\/www.caririemacao.com\/1\/wp-json\/wp\/v2\/posts\/121561\/revisions"}],"predecessor-version":[{"id":121564,"href":"https:\/\/www.caririemacao.com\/1\/wp-json\/wp\/v2\/posts\/121561\/revisions\/121564"}],"wp:featuredmedia":[{"embeddable":true,"href":"https:\/\/www.caririemacao.com\/1\/wp-json\/wp\/v2\/media\/121563"}],"wp:attachment":[{"href":"https:\/\/www.caririemacao.com\/1\/wp-json\/wp\/v2\/media?parent=121561"}],"wp:term":[{"taxonomy":"category","embeddable":true,"href":"https:\/\/www.caririemacao.com\/1\/wp-json\/wp\/v2\/categories?post=121561"},{"taxonomy":"post_tag","embeddable":true,"href":"https:\/\/www.caririemacao.com\/1\/wp-json\/wp\/v2\/tags?post=121561"}],"curies":[{"name":"wp","href":"https:\/\/api.w.org\/{rel}","templated":true}]}}