{"id":121577,"date":"2019-09-30T07:34:32","date_gmt":"2019-09-30T10:34:32","guid":{"rendered":"http:\/\/www.caririemacao.com\/1\/?p=121577"},"modified":"2019-09-30T07:34:32","modified_gmt":"2019-09-30T10:34:32","slug":"corpo-de-bombeiros-amplia-numero-de-tecnicos-capacitados-para-abordagens-em-tentativas-de-suicidio","status":"publish","type":"post","link":"https:\/\/www.caririemacao.com\/1\/2019\/09\/30\/corpo-de-bombeiros-amplia-numero-de-tecnicos-capacitados-para-abordagens-em-tentativas-de-suicidio\/","title":{"rendered":"Corpo de Bombeiros amplia n\u00famero de t\u00e9cnicos capacitados para abordagens em tentativas de suic\u00eddio"},"content":{"rendered":"\n<p>O Corpo de Bombeiros Militar da Para\u00edba (CBMPB) conta agora com 17 novos abordadores t\u00e9cnicos para atuarem em ocorr\u00eancias de tentativas de suic\u00eddio, principalmente nos casos em que o m\u00e9todo envolvido apresente riscos extremos. Eles conclu\u00edram na sexta-feira (28) o Curso de Abordagem T\u00e9cnica a Tentativas de Suic\u00eddio (CATTS), participando da turma pioneira da Para\u00edba, que tamb\u00e9m formou policiais militares e civis.<\/p>\n\n\n\n<p>A capacita\u00e7\u00e3o, que teve in\u00edcio na segunda (23) e congregou disciplinas te\u00f3ricas e pr\u00e1ticas, contou com um corpo docente formado por militares especialistas na \u00e1rea operacional relativa \u00e0 tem\u00e1tica. O curso enfoca a abordagem humanizada, ressaltando sempre o respeito que o profissional de emerg\u00eancia deve ter com a v\u00edtima.<\/p>\n\n\n\n<p>O curso buscou ainda atuar de modo a integrar as For\u00e7as de Seguran\u00e7a, abrangendo a capacita\u00e7\u00e3o para tr\u00eas alunos da Pol\u00edcia Militar, um da Pol\u00edcia Civil, e ainda um aluno do Corpo de Bombeiros Militar do Rio Grande do Norte.<\/p>\n\n\n\n<figure class=\"wp-block-image\"><img decoding=\"async\" data-src=\"https:\/\/www.clickpb.com.br\/media\/filer_public\/2d\/f6\/2df639cd-9c10-4771-bce0-bbea6d360a97\/corpo_de_bombeiros_-_tentativa_de_suicidio.jpg\" alt=\"\" src=\"data:image\/svg+xml;base64,PHN2ZyB3aWR0aD0iMSIgaGVpZ2h0PSIxIiB4bWxucz0iaHR0cDovL3d3dy53My5vcmcvMjAwMC9zdmciPjwvc3ZnPg==\" class=\"lazyload\" \/><\/figure>\n\n\n\n<p>Na solenidade de encerramento, a tenente Isabel Reis, oradora da turma, ressaltou a import\u00e2ncia da realiza\u00e7\u00e3o do curso. \u201cHoje eu saio daqui muito segura. Atrav\u00e9s dos conhecimentos adquiridos, eu terei capacidade para realizar a abordagem e tomar as decis\u00f5es necess\u00e1rias para salvar a vida do tentante.\u201d, relatou a tenente.<\/p>\n\n\n\n<p>O subcomandante geral do CBMPB, coronel Lucas Medeiros, tamb\u00e9m comentou sobre a import\u00e2ncia da realiza\u00e7\u00e3o do CATTS na Para\u00edba. \u201cRecebemos primeiramente o conhecimento atrav\u00e9s da participa\u00e7\u00e3o de nossos militares neste curso em S\u00e3o Paulo, e ent\u00e3o conseguimos traz\u00ea-lo para nosso Estado. Hoje, somos multiplicadores de conhecimento, mantendo um preparo cont\u00ednuo para melhor servir \u00e0 sociedade.\u201d, frisou o coronel Lucas.<\/p>\n\n\n\n<p>A realiza\u00e7\u00e3o do 1\u00ba CATTS encerra as a\u00e7\u00f5es do CBMPB em alus\u00e3o \u00e0 Campanha Setembro Amarelo em prol da valoriza\u00e7\u00e3o da vida. O m\u00eas foi marcado por palestras direcionadas tanto aos militares da Corpora\u00e7\u00e3o bem como a institui\u00e7\u00f5es parceiras, al\u00e9m de atividades realizadas nas unidades operacionais e administrativas do Corpo de Bombeiros.<\/p>\n\n\n\n<figure class=\"wp-block-image\"><img decoding=\"async\" data-src=\"https:\/\/www.clickpb.com.br\/media\/filer_public\/11\/0a\/110a0d7a-afe2-4906-89b3-966aba0ee6d0\/corpo_de_bombeiros_-_tentativa_de_suicidio_2.jpg\" alt=\"\" src=\"data:image\/svg+xml;base64,PHN2ZyB3aWR0aD0iMSIgaGVpZ2h0PSIxIiB4bWxucz0iaHR0cDovL3d3dy53My5vcmcvMjAwMC9zdmciPjwvc3ZnPg==\" class=\"lazyload\" \/><\/figure>\n","protected":false},"excerpt":{"rendered":"<p>O Corpo de Bombeiros Militar da Para\u00edba (CBMPB) conta agora com 17 novos abordadores t\u00e9cnicos para atuarem em ocorr\u00eancias de tentativas de suic\u00eddio, principalmente nos&hellip; <\/p>\n","protected":false},"author":1,"featured_media":121579,"comment_status":"closed","ping_status":"closed","sticky":false,"template":"","format":"standard","meta":{"sfsi_plus_gutenberg_text_before_share":"","sfsi_plus_gutenberg_show_text_before_share":"","sfsi_plus_gutenberg_icon_type":"","sfsi_plus_gutenberg_icon_alignemt":"","sfsi_plus_gutenburg_max_per_row":"","footnotes":""},"categories":[2],"tags":[],"class_list":["post-121577","post","type-post","status-publish","format-standard","has-post-thumbnail","hentry","category-geral"],"_links":{"self":[{"href":"https:\/\/www.caririemacao.com\/1\/wp-json\/wp\/v2\/posts\/121577","targetHints":{"allow":["GET"]}}],"collection":[{"href":"https:\/\/www.caririemacao.com\/1\/wp-json\/wp\/v2\/posts"}],"about":[{"href":"https:\/\/www.caririemacao.com\/1\/wp-json\/wp\/v2\/types\/post"}],"author":[{"embeddable":true,"href":"https:\/\/www.caririemacao.com\/1\/wp-json\/wp\/v2\/users\/1"}],"replies":[{"embeddable":true,"href":"https:\/\/www.caririemacao.com\/1\/wp-json\/wp\/v2\/comments?post=121577"}],"version-history":[{"count":1,"href":"https:\/\/www.caririemacao.com\/1\/wp-json\/wp\/v2\/posts\/121577\/revisions"}],"predecessor-version":[{"id":121580,"href":"https:\/\/www.caririemacao.com\/1\/wp-json\/wp\/v2\/posts\/121577\/revisions\/121580"}],"wp:featuredmedia":[{"embeddable":true,"href":"https:\/\/www.caririemacao.com\/1\/wp-json\/wp\/v2\/media\/121579"}],"wp:attachment":[{"href":"https:\/\/www.caririemacao.com\/1\/wp-json\/wp\/v2\/media?parent=121577"}],"wp:term":[{"taxonomy":"category","embeddable":true,"href":"https:\/\/www.caririemacao.com\/1\/wp-json\/wp\/v2\/categories?post=121577"},{"taxonomy":"post_tag","embeddable":true,"href":"https:\/\/www.caririemacao.com\/1\/wp-json\/wp\/v2\/tags?post=121577"}],"curies":[{"name":"wp","href":"https:\/\/api.w.org\/{rel}","templated":true}]}}