{"id":121602,"date":"2019-09-30T07:41:17","date_gmt":"2019-09-30T10:41:17","guid":{"rendered":"http:\/\/www.caririemacao.com\/1\/?p=121602"},"modified":"2019-09-30T07:41:17","modified_gmt":"2019-09-30T10:41:17","slug":"caso-neymar-justica-aceita-denuncia-e-najila-e-ex-marido-viram-reus-por-fraude-processual","status":"publish","type":"post","link":"https:\/\/www.caririemacao.com\/1\/2019\/09\/30\/caso-neymar-justica-aceita-denuncia-e-najila-e-ex-marido-viram-reus-por-fraude-processual\/","title":{"rendered":"Caso Neymar: Justi\u00e7a aceita den\u00fancia e Najila e ex-marido viram r\u00e9us por fraude processual"},"content":{"rendered":"\n<p>A Justi\u00e7a de S\u00e3o Paulo aceitou na \u00faltima sexta-feira (27) a den\u00fancia do Minist\u00e9rio P\u00fablico (MP) por fraude processual contra Najila Trindade e o ex-marido dela no caso em que a modelo acusou o jogador de futebol Neymar J\u00fanior de estupro durante encontro em Paris, na Fran\u00e7a, no dia 15 de maio. Nessa mesma acusa\u00e7\u00e3o, Estivens Alves, ex de Najila, ainda foi acusado de ter divulgado conte\u00fado er\u00f3tico da modelo em troca de publica\u00e7\u00f5es na internet.<\/p>\n\n\n\n<p>Ainda na semana passada, a Justi\u00e7a rejeitou a den\u00fancia do Minist\u00e9rio P\u00fablico por denuncia\u00e7\u00e3o caluniosa e extors\u00e3o contra Najila Trindade. O MP pode recorrer dessa decis\u00e3o.<\/p>\n\n\n\n<p>Tanto Najila quanto Estivens se tornaram r\u00e9us por fraude processual porque, no entendimento da Justi\u00e7a, eles dificultaram as investiga\u00e7\u00f5es da Pol\u00edcia Civil. Teriam atrapalhado as apura\u00e7\u00f5es sobre os supostos estupro e arrombamento do apartamento da modelo, de onde teria sido furtado um tablet dela com imagens.<\/p>\n\n\n\n<p>A defesa da modelo informou neste domingo (29) ao G1 que ir\u00e1 recorrer dessa decis\u00e3o judicial. A reportagem n\u00e3o encontrou os advogados do ex-marido para comentar o assunto.<\/p>\n\n\n\n<p><strong>Fraude processual<\/strong><\/p>\n\n\n\n<p>Procurado para comentar o assunto, o advogado Cosme Ara\u00fajo, que defende Najila, informou que ir\u00e1 recorrer \u00e0 Justi\u00e7a contra a decis\u00e3o de tornar r\u00e9 sua cliente pelo crime de fraude processual. \u201cVou entrar com um habeas corpus para trancar essa a\u00e7\u00e3o\u201d, disse Cosme.<\/p>\n\n\n\n<p>No caso da fraude processual, a ju\u00edza Fab\u00edola Oliveira Silva, da 31\u00aa Vara Criminal, deu dez dias de prazo para os acusados apresentarem suas defesas, juntar documentos e provas e indicar no m\u00e1ximo oito testemunhas.<\/p>\n\n\n\n<p><strong>Denuncia\u00e7\u00e3o caluniosa e extors\u00e3o<br><\/strong><\/p>\n\n\n\n<p>Apesar disso, a defesa de Najila comemorou a decis\u00e3o da Justi\u00e7a em rejeitar a acusa\u00e7\u00e3o do MP por denuncia\u00e7\u00e3o caluniosa e extors\u00e3o.<\/p>\n\n\n\n<p>&#8220;O judici\u00e1rio come\u00e7ou a olhar para essa situa\u00e7\u00e3o relacionada a Najila e ao jogador com outro olhar, com muito mais responsabilidade do que foi feito no inqu\u00e9rito policial\u201d, afirmou o advogado Cosme ao G1.<\/p>\n\n\n\n<p>Na sua decis\u00e3o de rejeitar a den\u00fancia por denuncia\u00e7\u00e3o caluniosa e extors\u00e3o contra Najila, a ju\u00edza Andrea Coppola, da 30\u00aa Vara Criminal do Tribunal de Justi\u00e7a (TJ), alegou que n\u00e3o havia provas suficientes para incriminar a modelo por esse crime.<\/p>\n\n\n\n<p>Najila era acusada por denuncia\u00e7\u00e3o caluniosa por ter acusado o camisa 10 da sele\u00e7\u00e3o e do Paris Saint-Germain por estupro e agress\u00e3o, mas esse inqu\u00e9rito policial sobre o crime sexual foi arquivado.<\/p>\n\n\n\n<p>&#8220;Nesse cen\u00e1rio, n\u00e3o estando definitivamente decidido que o crime contra a dignidade sexual n\u00e3o existiu, sendo poss\u00edvel a qualquer tempo a reabertura das investiga\u00e7\u00f5es, caso surja fato novo, reputo invi\u00e1vel o recebimento da presente den\u00fancia que imputa a Najila&#8221;, escreveu a magistrada a respeito da denuncia\u00e7\u00e3o caluniosa que foi atribu\u00edda \u00e0 modelo.<\/p>\n\n\n\n<p>A ju\u00edza entendeu que Najila n\u00e3o cometeu extors\u00e3o quando seu ex-advogado Jos\u00e9 Edgar se encontrou com os representantes de Neymar para conversar sobre o caso do suposto estupro e informar que poderia entrar na Justi\u00e7a.<\/p>\n\n\n\n<p>Segundo Andrea, recorrer \u00e0 Justi\u00e7a era um direito da modelo. &#8220;Adotar as provid\u00eancias judiciais e, eventualmente, ajuizar processo judicial s\u00e3o condutas l\u00edcitas, que configuram exerc\u00edcio regular de direito&#8221;.<\/p>\n\n\n\n<p><strong>Estupro<\/strong><\/p>\n\n\n\n<p>A investiga\u00e7\u00e3o sobre o suposto estupro 10 da sele\u00e7\u00e3o brasileira e do Paris Saint Germain contra Najila foi arquivada em julho pela Justi\u00e7a, depois de a Pol\u00edcia Civil decidir n\u00e3o indiciar o atleta pelo crime sexual. De acordo com a investiga\u00e7\u00e3o, depoimentos e provas apresentados pela modelo apresentavam &#8220;incongru\u00eancias&#8221;.<\/p>\n","protected":false},"excerpt":{"rendered":"<p>A Justi\u00e7a de S\u00e3o Paulo aceitou na \u00faltima sexta-feira (27) a den\u00fancia do Minist\u00e9rio P\u00fablico (MP) por fraude processual contra Najila Trindade e o ex-marido&hellip; <\/p>\n","protected":false},"author":1,"featured_media":121591,"comment_status":"closed","ping_status":"closed","sticky":false,"template":"","format":"standard","meta":{"sfsi_plus_gutenberg_text_before_share":"","sfsi_plus_gutenberg_show_text_before_share":"","sfsi_plus_gutenberg_icon_type":"","sfsi_plus_gutenberg_icon_alignemt":"","sfsi_plus_gutenburg_max_per_row":"","footnotes":""},"categories":[2],"tags":[],"class_list":["post-121602","post","type-post","status-publish","format-standard","has-post-thumbnail","hentry","category-geral"],"_links":{"self":[{"href":"https:\/\/www.caririemacao.com\/1\/wp-json\/wp\/v2\/posts\/121602","targetHints":{"allow":["GET"]}}],"collection":[{"href":"https:\/\/www.caririemacao.com\/1\/wp-json\/wp\/v2\/posts"}],"about":[{"href":"https:\/\/www.caririemacao.com\/1\/wp-json\/wp\/v2\/types\/post"}],"author":[{"embeddable":true,"href":"https:\/\/www.caririemacao.com\/1\/wp-json\/wp\/v2\/users\/1"}],"replies":[{"embeddable":true,"href":"https:\/\/www.caririemacao.com\/1\/wp-json\/wp\/v2\/comments?post=121602"}],"version-history":[{"count":1,"href":"https:\/\/www.caririemacao.com\/1\/wp-json\/wp\/v2\/posts\/121602\/revisions"}],"predecessor-version":[{"id":121604,"href":"https:\/\/www.caririemacao.com\/1\/wp-json\/wp\/v2\/posts\/121602\/revisions\/121604"}],"wp:featuredmedia":[{"embeddable":true,"href":"https:\/\/www.caririemacao.com\/1\/wp-json\/wp\/v2\/media\/121591"}],"wp:attachment":[{"href":"https:\/\/www.caririemacao.com\/1\/wp-json\/wp\/v2\/media?parent=121602"}],"wp:term":[{"taxonomy":"category","embeddable":true,"href":"https:\/\/www.caririemacao.com\/1\/wp-json\/wp\/v2\/categories?post=121602"},{"taxonomy":"post_tag","embeddable":true,"href":"https:\/\/www.caririemacao.com\/1\/wp-json\/wp\/v2\/tags?post=121602"}],"curies":[{"name":"wp","href":"https:\/\/api.w.org\/{rel}","templated":true}]}}