{"id":121621,"date":"2019-09-30T07:45:39","date_gmt":"2019-09-30T10:45:39","guid":{"rendered":"http:\/\/www.caririemacao.com\/1\/?p=121621"},"modified":"2019-09-30T07:45:39","modified_gmt":"2019-09-30T10:45:39","slug":"brasil-precisa-capacitar-105-milhoes-de-trabalhadores-ate-2023","status":"publish","type":"post","link":"https:\/\/www.caririemacao.com\/1\/2019\/09\/30\/brasil-precisa-capacitar-105-milhoes-de-trabalhadores-ate-2023\/","title":{"rendered":"Brasil precisa capacitar 10,5 milh\u00f5es de trabalhadores at\u00e9 2023"},"content":{"rendered":"\n<p>O Brasil precisar\u00e1 qualificar 10,5 milh\u00f5es de trabalhadores industriais at\u00e9 2023 para suprir a demanda de profiss\u00f5es ligadas \u00e0 tecnologia. A conclus\u00e3o consta do Mapa do Trabalho Industrial 2019\u20132023, lan\u00e7ado pelo Servi\u00e7o Nacional de Aprendizagem Industrial (Senai) para orientar a oferta de cursos da institui\u00e7\u00e3o nos pr\u00f3ximos anos.<\/p>\n\n\n\n<p>Segundo o levantamento, a maior parte desses 10,5 milh\u00f5es de profissionais ligados \u00e0 ind\u00fastria precisar\u00e1 passar por cursos de reciclagem ou de aperfei\u00e7oamento, tanto para dar conta da moderniza\u00e7\u00e3o de postos existentes como para repor vagas existentes de trabalhadores que se aposentar\u00e3o ou se desligar\u00e3o dos servi\u00e7os. O estudo, no entanto, detectou o potencial de cria\u00e7\u00e3o de 33.453 vagas relacionadas \u00e0s mudan\u00e7as tecnol\u00f3gicas.<\/p>\n\n\n\n<p>Em n\u00fameros absolutos, as maiores gera\u00e7\u00f5es de emprego ocorrer\u00e3o nas ocupa\u00e7\u00f5es de instaladores e reparadores de linhas e cabos el\u00e9tricos, telef\u00f4nicos e de comunica\u00e7\u00e3o de dados (14.367), operadores de m\u00e1quinas de usinagem (5.356) e t\u00e9cnicos mec\u00e2nicos na manuten\u00e7\u00e3o de m\u00e1quinas, sistemas e instrumentos (3.560). Essas fun\u00e7\u00f5es exigem n\u00edvel t\u00e9cnico ou qualifica\u00e7\u00e3o de mais de 200 horas.<\/p>\n\n\n\n<p>Em taxas percentuais, o maior crescimento no n\u00famero de empregados nos pr\u00f3ximos quatro anos dever\u00e1 beneficiar o mercado de condutores de processos robotizados (22,9%), de n\u00edvel superior. Em seguida, v\u00eam t\u00e9cnicos em mec\u00e2nica veicular (19,9%) e mais duas ocupa\u00e7\u00f5es de n\u00edvel superior: engenheiros ambientais e afins (19,4%) e pesquisadores de engenharia e tecnologia (17,9%). Os desempenhos s\u00e3o superiores \u00e0 estimativa de 8,5% de crescimento dos empregos na ind\u00fastria entre 2019 e 2023.<\/p>\n\n\n\n<h2 class=\"wp-block-heading\">Transversalidade<\/h2>\n\n\n\n<p>Em rela\u00e7\u00e3o \u00e0 necessidade total de capacita\u00e7\u00e3o de trabalhadores (empregados atuais e novos), o Senai constatou que as fun\u00e7\u00f5es transversais, que permitem ao profissional trabalhar em ind\u00fastrias de qualquer \u00e1rea exigir\u00e3o a maior demanda de forma\u00e7\u00e3o profissional. Dos 10,5 milh\u00f5es de trabalhadores que precisam ser qualificados, 1,7 milh\u00e3o atuam nessa categoria, que abrange profissionais de pesquisa e desenvolvimento, t\u00e9cnicos de controle da produ\u00e7\u00e3o e desenhistas industriais, entre outras carreiras.<\/p>\n\n\n\n<p>As demais ocupa\u00e7\u00f5es que demandar\u00e3o forma\u00e7\u00e3o profissional nos pr\u00f3ximos anos s\u00e3o metalmec\u00e2nica (1,6 milh\u00e3o), constru\u00e7\u00e3o (1,3 milh\u00e3o), log\u00edstica e transporte (1,2 milh\u00e3o), alimentos (754 mil), inform\u00e1tica (528 mil), eletroeletr\u00f4nica (405 mil) e energia e telecomunica\u00e7\u00f5es (359 mil). Embora essas fun\u00e7\u00f5es se caracterizem por conhecimentos de base industrial, esses trabalhadores podem atuar tanto na ind\u00fastria quanto em outros setores.<\/p>\n\n\n\n<p>Apenas nos empregos de n\u00edvel superior, as \u00e1reas que mais precisar\u00e3o de profissionais qualificados at\u00e9 2023 s\u00e3o inform\u00e1tica (368 mil), gest\u00e3o (254,8 mil), constru\u00e7\u00e3o (81 mil), metalmec\u00e2nica (56,4 mil) e produ\u00e7\u00e3o (40,3 mil). No n\u00edvel t\u00e9cnico, as demandas se concentram nos segmentos de log\u00edstica e transporte (495,2 mil), metalmec\u00e2nica (217,7 mil), energia e telecomunica\u00e7\u00f5es (181,4 mil), eletroeletr\u00f4nica (160,4 mil), inform\u00e1tica (160 mil) e constru\u00e7\u00e3o (120,9 mil).<\/p>\n","protected":false},"excerpt":{"rendered":"<p>O Brasil precisar\u00e1 qualificar 10,5 milh\u00f5es de trabalhadores industriais at\u00e9 2023 para suprir a demanda de profiss\u00f5es ligadas \u00e0 tecnologia. A conclus\u00e3o consta do Mapa&hellip; <\/p>\n","protected":false},"author":1,"featured_media":121625,"comment_status":"closed","ping_status":"closed","sticky":false,"template":"","format":"standard","meta":{"sfsi_plus_gutenberg_text_before_share":"","sfsi_plus_gutenberg_show_text_before_share":"","sfsi_plus_gutenberg_icon_type":"","sfsi_plus_gutenberg_icon_alignemt":"","sfsi_plus_gutenburg_max_per_row":"","footnotes":""},"categories":[2],"tags":[],"class_list":["post-121621","post","type-post","status-publish","format-standard","has-post-thumbnail","hentry","category-geral"],"_links":{"self":[{"href":"https:\/\/www.caririemacao.com\/1\/wp-json\/wp\/v2\/posts\/121621","targetHints":{"allow":["GET"]}}],"collection":[{"href":"https:\/\/www.caririemacao.com\/1\/wp-json\/wp\/v2\/posts"}],"about":[{"href":"https:\/\/www.caririemacao.com\/1\/wp-json\/wp\/v2\/types\/post"}],"author":[{"embeddable":true,"href":"https:\/\/www.caririemacao.com\/1\/wp-json\/wp\/v2\/users\/1"}],"replies":[{"embeddable":true,"href":"https:\/\/www.caririemacao.com\/1\/wp-json\/wp\/v2\/comments?post=121621"}],"version-history":[{"count":1,"href":"https:\/\/www.caririemacao.com\/1\/wp-json\/wp\/v2\/posts\/121621\/revisions"}],"predecessor-version":[{"id":121626,"href":"https:\/\/www.caririemacao.com\/1\/wp-json\/wp\/v2\/posts\/121621\/revisions\/121626"}],"wp:featuredmedia":[{"embeddable":true,"href":"https:\/\/www.caririemacao.com\/1\/wp-json\/wp\/v2\/media\/121625"}],"wp:attachment":[{"href":"https:\/\/www.caririemacao.com\/1\/wp-json\/wp\/v2\/media?parent=121621"}],"wp:term":[{"taxonomy":"category","embeddable":true,"href":"https:\/\/www.caririemacao.com\/1\/wp-json\/wp\/v2\/categories?post=121621"},{"taxonomy":"post_tag","embeddable":true,"href":"https:\/\/www.caririemacao.com\/1\/wp-json\/wp\/v2\/tags?post=121621"}],"curies":[{"name":"wp","href":"https:\/\/api.w.org\/{rel}","templated":true}]}}