{"id":121639,"date":"2019-09-30T07:48:11","date_gmt":"2019-09-30T10:48:11","guid":{"rendered":"http:\/\/www.caririemacao.com\/1\/?p=121639"},"modified":"2019-09-30T07:48:11","modified_gmt":"2019-09-30T10:48:11","slug":"governo-cria-grupo-tecnico-para-desenvolvimento-do-setor-nuclear","status":"publish","type":"post","link":"https:\/\/www.caririemacao.com\/1\/2019\/09\/30\/governo-cria-grupo-tecnico-para-desenvolvimento-do-setor-nuclear\/","title":{"rendered":"Governo cria grupo t\u00e9cnico para desenvolvimento do setor nuclear"},"content":{"rendered":"\n<p>Resolu\u00e7\u00e3o do Comit\u00ea de Desenvolvimento do Programa Nuclear Brasileiro cria um grupo t\u00e9cnico que tem por objetivo dinamizar a \u00e1rea regulat\u00f3ria para o desenvolvimento do setor nuclear do pa\u00eds. O documento, publicado no<a href=\"http:\/\/www.in.gov.br\/en\/web\/dou\/-\/resolucao-n-15-de-27-de-setembro-de-2019-218827998\" target=\"_blank\" rel=\"noreferrer noopener\"><em>&nbsp;Di\u00e1rio Oficial da Uni\u00e3o<\/em><\/a>&nbsp;desta segunda-feira (30), diz que o grupo ser\u00e1 integrado por representantes dos minist\u00e9rios de Minas e Energia; Ci\u00eancia, Tecnologia, Inova\u00e7\u00f5es e Comunica\u00e7\u00f5es; Meio Ambiente; e do Gabinete de Seguran\u00e7a Institucional (GSI) da Presid\u00eancia da Rep\u00fablica.<\/p>\n\n\n\n<p>O Centro Tecnol\u00f3gico da Marinha, em S\u00e3o Paulo; a Secretaria Especial da Receita Federal; A Comiss\u00e3o Nacional de Energia Nuclear; a Eletrobras- Eletronuclear; o Instituto Brasileiro do Meio Ambiente e dos Recursos Naturais Renov\u00e1veis; as ag\u00eancias Nacional de Vigil\u00e2ncia Sanit\u00e1ria; Nacional de Sa\u00fade Suplementar; Nacional de Minera\u00e7\u00e3o; e Naval de Seguran\u00e7a Nuclear e Qualidade integrar\u00e3o tamb\u00e9m o grupo, cabendo a coordena\u00e7\u00e3o das atividades ao representante do GSI.<\/p>\n\n\n\n<p>O grupo t\u00e9cnico ter\u00e1 por objetivo preparar em 180 dias, a contar de hoje, podendo ser prorrogado por mais 180 dias, um relat\u00f3rio propondo diretrizes e metas para viabilizar a dinamiza\u00e7\u00e3o da \u00e1rea regulat\u00f3ria para o desenvolvimento do setor nuclear brasileiro, concluso ao Coordenador do Comit\u00ea de Desenvolvimento do Programa Nuclear Brasileiro.<\/p>\n","protected":false},"excerpt":{"rendered":"<p>Resolu\u00e7\u00e3o do Comit\u00ea de Desenvolvimento do Programa Nuclear Brasileiro cria um grupo t\u00e9cnico que tem por objetivo dinamizar a \u00e1rea regulat\u00f3ria para o desenvolvimento do&hellip; <\/p>\n","protected":false},"author":1,"featured_media":71191,"comment_status":"closed","ping_status":"closed","sticky":false,"template":"","format":"standard","meta":{"sfsi_plus_gutenberg_text_before_share":"","sfsi_plus_gutenberg_show_text_before_share":"","sfsi_plus_gutenberg_icon_type":"","sfsi_plus_gutenberg_icon_alignemt":"","sfsi_plus_gutenburg_max_per_row":"","footnotes":""},"categories":[2],"tags":[],"class_list":["post-121639","post","type-post","status-publish","format-standard","has-post-thumbnail","hentry","category-geral"],"_links":{"self":[{"href":"https:\/\/www.caririemacao.com\/1\/wp-json\/wp\/v2\/posts\/121639","targetHints":{"allow":["GET"]}}],"collection":[{"href":"https:\/\/www.caririemacao.com\/1\/wp-json\/wp\/v2\/posts"}],"about":[{"href":"https:\/\/www.caririemacao.com\/1\/wp-json\/wp\/v2\/types\/post"}],"author":[{"embeddable":true,"href":"https:\/\/www.caririemacao.com\/1\/wp-json\/wp\/v2\/users\/1"}],"replies":[{"embeddable":true,"href":"https:\/\/www.caririemacao.com\/1\/wp-json\/wp\/v2\/comments?post=121639"}],"version-history":[{"count":1,"href":"https:\/\/www.caririemacao.com\/1\/wp-json\/wp\/v2\/posts\/121639\/revisions"}],"predecessor-version":[{"id":121640,"href":"https:\/\/www.caririemacao.com\/1\/wp-json\/wp\/v2\/posts\/121639\/revisions\/121640"}],"wp:featuredmedia":[{"embeddable":true,"href":"https:\/\/www.caririemacao.com\/1\/wp-json\/wp\/v2\/media\/71191"}],"wp:attachment":[{"href":"https:\/\/www.caririemacao.com\/1\/wp-json\/wp\/v2\/media?parent=121639"}],"wp:term":[{"taxonomy":"category","embeddable":true,"href":"https:\/\/www.caririemacao.com\/1\/wp-json\/wp\/v2\/categories?post=121639"},{"taxonomy":"post_tag","embeddable":true,"href":"https:\/\/www.caririemacao.com\/1\/wp-json\/wp\/v2\/tags?post=121639"}],"curies":[{"name":"wp","href":"https:\/\/api.w.org\/{rel}","templated":true}]}}