{"id":121649,"date":"2019-09-30T07:50:27","date_gmt":"2019-09-30T10:50:27","guid":{"rendered":"http:\/\/www.caririemacao.com\/1\/?p=121649"},"modified":"2019-09-30T07:50:27","modified_gmt":"2019-09-30T10:50:27","slug":"para-ator-que-gosta-da-profissao-ficar-parado-e-a-morte-diz-atriz","status":"publish","type":"post","link":"https:\/\/www.caririemacao.com\/1\/2019\/09\/30\/para-ator-que-gosta-da-profissao-ficar-parado-e-a-morte-diz-atriz\/","title":{"rendered":"&#8220;Para ator que gosta da profiss\u00e3o, ficar parado \u00e9 a morte&#8221;, diz atriz"},"content":{"rendered":"\n<p>Prestes a completar 80 anos, Suely Franco \u00e9 uma atriz que n\u00e3o pensa em parar. S\u00e3o quase 60 anos de profiss\u00e3o, seja no palco dos teatros, seja na frente das c\u00e2meras de novelas e filmes. Ela diz que n\u00e3o pensa em parar t\u00e3o cedo. &#8220;Eu agrade\u00e7o a Deus por estar fazendo aquilo que eu gosto, porque para ator que gosta da profiss\u00e3o, ficar parado \u00e9 a morte&#8221;.&nbsp;A atriz \u00e9 a entrevistada do programa&nbsp;<em>Impress\u00f5es<\/em>, que vai ao ar hoje (30).\u00e0s 23h, na&nbsp;<strong>TV Brasil<\/strong>.<\/p>\n\n\n\n<p>Nascida no Rio&nbsp;de Janeiro, come\u00e7ou a atuar aos 21 anos na companhia Teatro dos Sete, dos atores Fernanda Montenegro e Fernando Torres. Estreou com a pe\u00e7a&nbsp;<em>O Beijo no Asfalto<\/em>, de Nelson Rodrigues. De l\u00e1 pra c\u00e1,&nbsp;atuou em 89&nbsp;pe\u00e7as teatrais e incont\u00e1veis trabalhos na tv, onde interpretou personagens marcantes como Dona Benta,&nbsp;no&nbsp;<em>S\u00edtio do Picapau Amarelo<\/em>, Cord\u00e9lia Fontana, na novela&nbsp;<em>Espig\u00e3o<\/em>, e a Mimosa, de&nbsp;<em>O&nbsp;Cravo e A Rosa<\/em>.&nbsp;<\/p>\n\n\n\n<p>Na conversa com a apresentadora Roseann Kennedy, Suely Franco relembra a carreira e os trabalhos que marcaram sua vida, como a pe\u00e7a&nbsp;<em>&#8220;Amanh\u00e3, Am\u00e9lia, de Manh\u00e3&#8221;<\/em>, escrita por Leilah Assump\u00e7\u00e3o. A atriz conta que durante o laborat\u00f3rio com outros atores, come\u00e7ou a se reconhecer como a personagem Am\u00e9lia.&nbsp;&#8220;Eu pensei: &#8216;meu Deus, eu sou essa coisa horrorosa que eles est\u00e3o falando, n\u00e3o \u00e9 poss\u00edvel, eu tenho que mudar, eu n\u00e3o posso ser assim&#8217;. A\u00ed, eu mudei e acabou o casamento&#8221;, diz sobre seu segundo casamento, com o ator Carlos Koppa.<\/p>\n\n\n\n<p>Desde ent\u00e3o, nunca mais se casou. &#8220;Eu me casei e n\u00e3o quero mais casar. Agora, namorar, tudo bem. Mas casar, nunca mais&#8221;, afirma. Ela acredita que&nbsp;hoje&nbsp;os tempos s\u00e3o diferentes, e as pessoas n\u00e3o querem mais se considerar velhas. &#8220;A minha m\u00e3e, quando tinha 39 anos, era uma velha. Imagina&nbsp;hoje, esses mulher\u00f5es a\u00ed com 50, quase 60?&#8221;,&nbsp;diz, caindo na risada. Atualmente, a atriz trabalha a todo vapor na novela&nbsp;<em>A Dona do Peda\u00e7o,&nbsp;<\/em>onde interpreta a divertida Marlene,&nbsp;que vive um&nbsp;<em>affair<\/em>&nbsp;&#8216;nada comportado&#8217; com o ator Ary Fontoura.<\/p>\n\n\n\n<p>A alegria da atriz \u00e9 uma constante ao longo de toda a entrevista. Para Suely Franco, essa \u00e9 uma das mensagens que tenta passar com seus personagens. Mas nem tudo \u00e9 divertido na profiss\u00e3o. &#8220;A&nbsp;pior coisa da nossa profiss\u00e3o \u00e9&nbsp;ter&nbsp;que decorar. Porque se n\u00e3o decorar certo, voc\u00ea n\u00e3o vai fazer nada,. Ent\u00e3o, eu escrevo, porque n\u00e3o tenho mem\u00f3ria auditiva, tenho mem\u00f3ria visual&#8221;, confessa.<\/p>\n\n\n\n<p>Entre os trabalhos que gosta de fazer, os musicais t\u00eam espa\u00e7o de destaque. A atriz diz que sempre gostou de cantar e dan\u00e7ar e que, por isso, \u00e9 t\u00e3o prazeroso estar em musicais. &#8220;A gente, quando est\u00e1 fazendo isso no palco, esquece de tudo&#8221;.&nbsp;<\/p>\n\n\n\n<p>Suely Franco afirma que n\u00e3o tem grandes planos futuros: &#8220;Eu n\u00e3o penso em nada do que vou fazer depois, fa\u00e7o como a can\u00e7\u00e3o: &#8216;deixa a vida me levar, vida leva eu&#8217; &#8220;, em refer\u00eancia \u00e0 musica de Zeca Pagodinho. Ela d\u00e1 um conselho aos mais jovens: &#8220;as pessoas t\u00eam de fazer teatro, televis\u00e3o, querendo representar. Porque muita gente vai querendo aparecer. A\u00ed, n\u00e3o acontece. O neg\u00f3cio \u00e9 o gosto pelos personagens&#8221;, acrescenta.<\/p>\n\n\n\n<p>O programa&nbsp;<em>Impress\u00f5es<\/em>&nbsp;vai ao ar em novo hor\u00e1rio: \u00e0s segundas-feiras, \u00e0s 23h (hor\u00e1rio de Bras\u00edlia), na<em>&nbsp;TV Brasil.<\/em><\/p>\n","protected":false},"excerpt":{"rendered":"<p>Prestes a completar 80 anos, Suely Franco \u00e9 uma atriz que n\u00e3o pensa em parar. S\u00e3o quase 60 anos de profiss\u00e3o, seja no palco dos&hellip; <\/p>\n","protected":false},"author":1,"featured_media":121651,"comment_status":"closed","ping_status":"closed","sticky":false,"template":"","format":"standard","meta":{"sfsi_plus_gutenberg_text_before_share":"","sfsi_plus_gutenberg_show_text_before_share":"","sfsi_plus_gutenberg_icon_type":"","sfsi_plus_gutenberg_icon_alignemt":"","sfsi_plus_gutenburg_max_per_row":"","footnotes":""},"categories":[2],"tags":[],"class_list":["post-121649","post","type-post","status-publish","format-standard","has-post-thumbnail","hentry","category-geral"],"_links":{"self":[{"href":"https:\/\/www.caririemacao.com\/1\/wp-json\/wp\/v2\/posts\/121649","targetHints":{"allow":["GET"]}}],"collection":[{"href":"https:\/\/www.caririemacao.com\/1\/wp-json\/wp\/v2\/posts"}],"about":[{"href":"https:\/\/www.caririemacao.com\/1\/wp-json\/wp\/v2\/types\/post"}],"author":[{"embeddable":true,"href":"https:\/\/www.caririemacao.com\/1\/wp-json\/wp\/v2\/users\/1"}],"replies":[{"embeddable":true,"href":"https:\/\/www.caririemacao.com\/1\/wp-json\/wp\/v2\/comments?post=121649"}],"version-history":[{"count":1,"href":"https:\/\/www.caririemacao.com\/1\/wp-json\/wp\/v2\/posts\/121649\/revisions"}],"predecessor-version":[{"id":121652,"href":"https:\/\/www.caririemacao.com\/1\/wp-json\/wp\/v2\/posts\/121649\/revisions\/121652"}],"wp:featuredmedia":[{"embeddable":true,"href":"https:\/\/www.caririemacao.com\/1\/wp-json\/wp\/v2\/media\/121651"}],"wp:attachment":[{"href":"https:\/\/www.caririemacao.com\/1\/wp-json\/wp\/v2\/media?parent=121649"}],"wp:term":[{"taxonomy":"category","embeddable":true,"href":"https:\/\/www.caririemacao.com\/1\/wp-json\/wp\/v2\/categories?post=121649"},{"taxonomy":"post_tag","embeddable":true,"href":"https:\/\/www.caririemacao.com\/1\/wp-json\/wp\/v2\/tags?post=121649"}],"curies":[{"name":"wp","href":"https:\/\/api.w.org\/{rel}","templated":true}]}}