{"id":121663,"date":"2019-09-30T07:52:10","date_gmt":"2019-09-30T10:52:10","guid":{"rendered":"http:\/\/www.caririemacao.com\/1\/?p=121663"},"modified":"2019-09-30T07:52:10","modified_gmt":"2019-09-30T10:52:10","slug":"brasil-vence-porto-rico-e-conquista-bronze-na-copa-america-de-basquete","status":"publish","type":"post","link":"https:\/\/www.caririemacao.com\/1\/2019\/09\/30\/brasil-vence-porto-rico-e-conquista-bronze-na-copa-america-de-basquete\/","title":{"rendered":"Brasil vence Porto Rico e conquista bronze na Copa America de Basquete"},"content":{"rendered":"\n<p>A sele\u00e7\u00e3o brasileira passeou em quadra contra as porto-riquenhas, donas da casa, na decis\u00e3o pela terceiro lugar da Copa Am\u00e9rica de Basquete Feminino. &nbsp;Com ampla vantagem \u2013 95 a 66 \u2013 a equipe brasileira, comandada pelo t\u00e9cnico Jos\u00e9 Neto, conquistou o bronze, e deixou para tr\u00e1s o fantasma da elimina\u00e7\u00e3o, para as pr\u00f3prias porto-riquenhas, h\u00e1 dois anos, na \u00faltima edi\u00e7\u00e3o do torneio. &nbsp;Desde 2013 o Brasil n\u00e3o ficava entre os tr\u00eas primeiros colocados na Copa Am\u00e9rica.<\/p>\n\n\n\n<p>As oito sele\u00e7\u00f5es mais bem colocadas na Copa Am\u00e9rica v\u00e3o disputar Pr\u00e9-Ol\u00edmpico das Am\u00e9ricas em novembro. &nbsp;A Federa\u00e7\u00e3o Internacional de Basquete (FIBA) anunciou neste domingo (29) que Canad\u00e1 e Argentina v\u00e3o sediar as competi\u00e7\u00f5es. As chaves ficaram assim: Grupo A (Argentina, Brasil, Col\u00f4mbia e Estados Unidos) joga na Argentina; e Grupo B (Cuba, Porto Rico, Rep\u00fablica Dominicana e Canad\u00e1) disputa&nbsp;no Canad\u00e1. &nbsp;As duas melhores sele\u00e7\u00f5es de cada grupo seguem para o Pr\u00e9-Ol\u00edmpico Mundial, em fevereiro de 2020,&nbsp; do qual sair\u00e3o dez sele\u00e7\u00f5es rumo \u00e0 Olimp\u00edada de T\u00f3quio 2020.<\/p>\n\n\n\n<p>Jogo<\/p>\n\n\n\n<p>Depois de perderem a semifinal para o Canad\u00e1 no s\u00e1bado (28), a as brasileiras mostraram determina\u00e7\u00e3o no embate de hoje (29) contra as donas da casa.&nbsp; A partida at\u00e9 come\u00e7ou equilibrada, com Brasil e Porto Rico se revezando na frente do placar, mas a partir do segundo per\u00edodo s\u00f3 deu Brasil. Destaque da partida foi a piv\u00f4 Damiris Dantas, que anotou 28 pontos, nove rebotes, e oito assist\u00eancias.<\/p>\n","protected":false},"excerpt":{"rendered":"<p>A sele\u00e7\u00e3o brasileira passeou em quadra contra as porto-riquenhas, donas da casa, na decis\u00e3o pela terceiro lugar da Copa Am\u00e9rica de Basquete Feminino. &nbsp;Com ampla&hellip; <\/p>\n","protected":false},"author":1,"featured_media":87076,"comment_status":"closed","ping_status":"closed","sticky":false,"template":"","format":"standard","meta":{"sfsi_plus_gutenberg_text_before_share":"","sfsi_plus_gutenberg_show_text_before_share":"","sfsi_plus_gutenberg_icon_type":"","sfsi_plus_gutenberg_icon_alignemt":"","sfsi_plus_gutenburg_max_per_row":"","footnotes":""},"categories":[13],"tags":[],"class_list":["post-121663","post","type-post","status-publish","format-standard","has-post-thumbnail","hentry","category-esportes"],"_links":{"self":[{"href":"https:\/\/www.caririemacao.com\/1\/wp-json\/wp\/v2\/posts\/121663","targetHints":{"allow":["GET"]}}],"collection":[{"href":"https:\/\/www.caririemacao.com\/1\/wp-json\/wp\/v2\/posts"}],"about":[{"href":"https:\/\/www.caririemacao.com\/1\/wp-json\/wp\/v2\/types\/post"}],"author":[{"embeddable":true,"href":"https:\/\/www.caririemacao.com\/1\/wp-json\/wp\/v2\/users\/1"}],"replies":[{"embeddable":true,"href":"https:\/\/www.caririemacao.com\/1\/wp-json\/wp\/v2\/comments?post=121663"}],"version-history":[{"count":1,"href":"https:\/\/www.caririemacao.com\/1\/wp-json\/wp\/v2\/posts\/121663\/revisions"}],"predecessor-version":[{"id":121665,"href":"https:\/\/www.caririemacao.com\/1\/wp-json\/wp\/v2\/posts\/121663\/revisions\/121665"}],"wp:featuredmedia":[{"embeddable":true,"href":"https:\/\/www.caririemacao.com\/1\/wp-json\/wp\/v2\/media\/87076"}],"wp:attachment":[{"href":"https:\/\/www.caririemacao.com\/1\/wp-json\/wp\/v2\/media?parent=121663"}],"wp:term":[{"taxonomy":"category","embeddable":true,"href":"https:\/\/www.caririemacao.com\/1\/wp-json\/wp\/v2\/categories?post=121663"},{"taxonomy":"post_tag","embeddable":true,"href":"https:\/\/www.caririemacao.com\/1\/wp-json\/wp\/v2\/tags?post=121663"}],"curies":[{"name":"wp","href":"https:\/\/api.w.org\/{rel}","templated":true}]}}