{"id":122077,"date":"2019-10-01T08:09:52","date_gmt":"2019-10-01T11:09:52","guid":{"rendered":"http:\/\/www.caririemacao.com\/1\/?p=122077"},"modified":"2019-10-01T08:09:52","modified_gmt":"2019-10-01T11:09:52","slug":"mecanico-morre-apos-ser-atropelado-por-caminhao-em-santa-rita","status":"publish","type":"post","link":"https:\/\/www.caririemacao.com\/1\/2019\/10\/01\/mecanico-morre-apos-ser-atropelado-por-caminhao-em-santa-rita\/","title":{"rendered":"Mec\u00e2nico morre ap\u00f3s ser atropelado por caminh\u00e3o em Santa Rita"},"content":{"rendered":"\n<p>Um mec\u00e2nico morreu, na noite desta segunda-feira (30), ap\u00f3s ser atropelado por caminh\u00e3o, no munic\u00edpio de Santa Rita, Regi\u00e3o Metropolitana de Jo\u00e3o Pessoa. Seu Get\u00falio como era conhecido, estava consertando uma falha mec\u00e2nica embaixo de um caminh\u00e3o, que estava parado no acostamento da rodovia.&nbsp;<\/p>\n\n\n\n<p>Ao sair debaixo do ve\u00edculo, ele foi atingido por outro caminh\u00e3o.<\/p>\n\n\n\n<p>O Samu foi acionado mas ao chegar no local apenas constatou o \u00f3bito.<\/p>\n\n\n\n<p>A Pol\u00edcia Rodovi\u00e1ria Federal informou que uma per\u00edcia ser\u00e1 realizada para descobrir a causa do acidente.&nbsp;<\/p>\n","protected":false},"excerpt":{"rendered":"<p>Um mec\u00e2nico morreu, na noite desta segunda-feira (30), ap\u00f3s ser atropelado por caminh\u00e3o, no munic\u00edpio de Santa Rita, Regi\u00e3o Metropolitana de Jo\u00e3o Pessoa. Seu Get\u00falio&hellip; <\/p>\n","protected":false},"author":1,"featured_media":122079,"comment_status":"closed","ping_status":"closed","sticky":false,"template":"","format":"standard","meta":{"sfsi_plus_gutenberg_text_before_share":"","sfsi_plus_gutenberg_show_text_before_share":"","sfsi_plus_gutenberg_icon_type":"","sfsi_plus_gutenberg_icon_alignemt":"","sfsi_plus_gutenburg_max_per_row":"","footnotes":""},"categories":[2],"tags":[],"class_list":["post-122077","post","type-post","status-publish","format-standard","has-post-thumbnail","hentry","category-geral"],"_links":{"self":[{"href":"https:\/\/www.caririemacao.com\/1\/wp-json\/wp\/v2\/posts\/122077","targetHints":{"allow":["GET"]}}],"collection":[{"href":"https:\/\/www.caririemacao.com\/1\/wp-json\/wp\/v2\/posts"}],"about":[{"href":"https:\/\/www.caririemacao.com\/1\/wp-json\/wp\/v2\/types\/post"}],"author":[{"embeddable":true,"href":"https:\/\/www.caririemacao.com\/1\/wp-json\/wp\/v2\/users\/1"}],"replies":[{"embeddable":true,"href":"https:\/\/www.caririemacao.com\/1\/wp-json\/wp\/v2\/comments?post=122077"}],"version-history":[{"count":1,"href":"https:\/\/www.caririemacao.com\/1\/wp-json\/wp\/v2\/posts\/122077\/revisions"}],"predecessor-version":[{"id":122080,"href":"https:\/\/www.caririemacao.com\/1\/wp-json\/wp\/v2\/posts\/122077\/revisions\/122080"}],"wp:featuredmedia":[{"embeddable":true,"href":"https:\/\/www.caririemacao.com\/1\/wp-json\/wp\/v2\/media\/122079"}],"wp:attachment":[{"href":"https:\/\/www.caririemacao.com\/1\/wp-json\/wp\/v2\/media?parent=122077"}],"wp:term":[{"taxonomy":"category","embeddable":true,"href":"https:\/\/www.caririemacao.com\/1\/wp-json\/wp\/v2\/categories?post=122077"},{"taxonomy":"post_tag","embeddable":true,"href":"https:\/\/www.caririemacao.com\/1\/wp-json\/wp\/v2\/tags?post=122077"}],"curies":[{"name":"wp","href":"https:\/\/api.w.org\/{rel}","templated":true}]}}