{"id":122082,"date":"2019-10-01T08:11:54","date_gmt":"2019-10-01T11:11:54","guid":{"rendered":"http:\/\/www.caririemacao.com\/1\/?p=122082"},"modified":"2019-10-01T08:11:54","modified_gmt":"2019-10-01T11:11:54","slug":"contas-de-energia-terao-bandeira-amarela-em-todo-o-pais-no-mes-de-outubro","status":"publish","type":"post","link":"https:\/\/www.caririemacao.com\/1\/2019\/10\/01\/contas-de-energia-terao-bandeira-amarela-em-todo-o-pais-no-mes-de-outubro\/","title":{"rendered":"Contas de energia ter\u00e3o bandeira amarela em todo o pa\u00eds no m\u00eas de outubro"},"content":{"rendered":"\n<p>As contas de energia ter\u00e3o bandeira amarela, a partir desta ter\u00e7a-feira (1\u00b0), em todo o pa\u00eds. As informa\u00e7\u00f5es s\u00e3o da&nbsp;Ag\u00eancia Nacional de Energia El\u00e9trica (Aneel).<\/p>\n\n\n\n<p>Dessa forma, a tarifa sofre acr\u00e9scimo de R$ 1,50 a cada 100 quilowatt-hora (kWh) consumidos. A medida representa uma redu\u00e7\u00e3o em rela\u00e7\u00e3o aos meses de agosto e setembro, quando a ag\u00eancia adotou a bandeira tarif\u00e1ria vermelha, no patamar 1, com acr\u00e9scimo de R$ 4 para cada 100 kWh consumidos.<\/p>\n\n\n\n<p>Segundo a ag\u00eancia, a mudan\u00e7a da bandeira vermelha para amarela ocorre pela previs\u00e3o do aumento das chuvas em outubro. \u201cA previs\u00e3o hidrol\u00f3gica para o m\u00eas sinaliza eleva\u00e7\u00e3o das vaz\u00f5es afluentes aos principais reservat\u00f3rios, o que tamb\u00e9m permitir\u00e1 reduzir a oferta de energia suprida pelo parque termel\u00e9trico\u201d, disse a Aneel, em nota.<\/p>\n\n\n\n<p>Criado pela Aneel, o sistema de bandeiras tarif\u00e1rias sinaliza o custo real da energia gerada, possibilitando aos consumidores o bom uso da energia el\u00e9trica. O funcionamento das bandeiras tarif\u00e1rias \u00e9 simples: as cores verde, amarela ou vermelha (nos patamares 1 e 2) indicam se a energia custar\u00e1 mais ou menos com base nas condi\u00e7\u00f5es de gera\u00e7\u00e3o.<\/p>\n\n\n\n<p>O c\u00e1lculo para acionamento das bandeiras tarif\u00e1rias leva em conta, principalmente, dois fatores: o risco hidrol\u00f3gico\u2013 GSF, na sigla em ingl\u00eas, e o pre\u00e7o da energia (PLD). Segundo a ag\u00eancia, o cen\u00e1rio favor\u00e1vel reduziu o pre\u00e7o da energia para o patamar m\u00ednimo, o que \u201cdiminui os custos relacionados ao risco hidrol\u00f3gico e \u00e0 gera\u00e7\u00e3o de energia de fontes termel\u00e9tricas\u201d, possibilitando a manuten\u00e7\u00e3o dos n\u00edveis dos principais reservat\u00f3rios pr\u00f3ximos \u00e0 refer\u00eancia atual.<\/p>\n","protected":false},"excerpt":{"rendered":"<p>As contas de energia ter\u00e3o bandeira amarela, a partir desta ter\u00e7a-feira (1\u00b0), em todo o pa\u00eds. As informa\u00e7\u00f5es s\u00e3o da&nbsp;Ag\u00eancia Nacional de Energia El\u00e9trica (Aneel).&hellip; <\/p>\n","protected":false},"author":1,"featured_media":88701,"comment_status":"closed","ping_status":"closed","sticky":false,"template":"","format":"standard","meta":{"sfsi_plus_gutenberg_text_before_share":"","sfsi_plus_gutenberg_show_text_before_share":"","sfsi_plus_gutenberg_icon_type":"","sfsi_plus_gutenberg_icon_alignemt":"","sfsi_plus_gutenburg_max_per_row":"","footnotes":""},"categories":[6],"tags":[],"class_list":["post-122082","post","type-post","status-publish","format-standard","has-post-thumbnail","hentry","category-cidades"],"_links":{"self":[{"href":"https:\/\/www.caririemacao.com\/1\/wp-json\/wp\/v2\/posts\/122082","targetHints":{"allow":["GET"]}}],"collection":[{"href":"https:\/\/www.caririemacao.com\/1\/wp-json\/wp\/v2\/posts"}],"about":[{"href":"https:\/\/www.caririemacao.com\/1\/wp-json\/wp\/v2\/types\/post"}],"author":[{"embeddable":true,"href":"https:\/\/www.caririemacao.com\/1\/wp-json\/wp\/v2\/users\/1"}],"replies":[{"embeddable":true,"href":"https:\/\/www.caririemacao.com\/1\/wp-json\/wp\/v2\/comments?post=122082"}],"version-history":[{"count":1,"href":"https:\/\/www.caririemacao.com\/1\/wp-json\/wp\/v2\/posts\/122082\/revisions"}],"predecessor-version":[{"id":122087,"href":"https:\/\/www.caririemacao.com\/1\/wp-json\/wp\/v2\/posts\/122082\/revisions\/122087"}],"wp:featuredmedia":[{"embeddable":true,"href":"https:\/\/www.caririemacao.com\/1\/wp-json\/wp\/v2\/media\/88701"}],"wp:attachment":[{"href":"https:\/\/www.caririemacao.com\/1\/wp-json\/wp\/v2\/media?parent=122082"}],"wp:term":[{"taxonomy":"category","embeddable":true,"href":"https:\/\/www.caririemacao.com\/1\/wp-json\/wp\/v2\/categories?post=122082"},{"taxonomy":"post_tag","embeddable":true,"href":"https:\/\/www.caririemacao.com\/1\/wp-json\/wp\/v2\/tags?post=122082"}],"curies":[{"name":"wp","href":"https:\/\/api.w.org\/{rel}","templated":true}]}}