{"id":122101,"date":"2019-10-01T08:13:27","date_gmt":"2019-10-01T11:13:27","guid":{"rendered":"http:\/\/www.caririemacao.com\/1\/?p=122101"},"modified":"2019-10-01T08:13:27","modified_gmt":"2019-10-01T11:13:27","slug":"bolsonaro-deve-demitir-presidente-do-incra-e-mais-cinco-diretores-do-orgao","status":"publish","type":"post","link":"https:\/\/www.caririemacao.com\/1\/2019\/10\/01\/bolsonaro-deve-demitir-presidente-do-incra-e-mais-cinco-diretores-do-orgao\/","title":{"rendered":"Bolsonaro deve demitir presidente do Incra e mais cinco diretores do \u00f3rg\u00e3o"},"content":{"rendered":"\n<p>O presidente do Instituto Nacional de Coloniza\u00e7\u00e3o e Reforma Agr\u00e1ria (Incra) , Jo\u00e3o Carlos de Jesus Corr\u00eaa, deve ser demitido, assim como os outros cinco diretores do \u00f3rg\u00e3o. A decis\u00e3o foi tomada nesta segunda-feira durante reuni\u00e3o entre o presidente Jair Bolsonaro e a ministra da Agricultura, Tereza Cristina . C\u00f4rrea, que \u00e9 general de divis\u00e3o do Ex\u00e9rcito, est\u00e1 no cargo desde fevereiro.<\/p>\n\n\n\n<p>Tamb\u00e9m participaram da reuni\u00e3o com Bolsonaro o secret\u00e1rio especial de Assuntos Fundi\u00e1rios do minist\u00e9rio, Luiz Ant\u00f4nio Nabhan Garcia e os ministros da Economia (Paulo Guedes), da Secretaria-Geral (Jorge Oliveira) e da Controladoria-Geral da Uni\u00e3o (Wagner Ros\u00e1rio). O porta-voz da Presid\u00eancia, Ot\u00e1vio R\u00eago Barros, disse que o Incra foi discutido na reuni\u00e3o, mas n\u00e3o confirmou a demiss\u00e3o. A exonera\u00e7\u00e3o tamb\u00e9m n\u00e3o \u00e9 confirmada pelo minist\u00e9rio.&nbsp;<\/p>\n\n\n\n<p>\u2014 No despacho hoje da ministra Tereza Cristina com o presidente, dentre outros assuntos, foram tratadas tamb\u00e9m quest\u00f5es referentes ao Incra. Mas eu reafirmo que as decis\u00f5es de montagem, de sele\u00e7\u00e3o, de exonera\u00e7\u00e3o de membros das equipes \u00e9 de responsabilidade dos minist\u00e9rios \u2014 afirmou R\u00eago Barros.<\/p>\n\n\n\n<p>Os outros diretores s\u00e3o Marco Ant\u00f4nio dos Santos (Gest\u00e3o Estrat\u00e9gica), Humberto C\u00e9sar Mota Maciel (Estrutura Fundi\u00e1ria), Reginaldo Ramos Machado (Obten\u00e7\u00e3o de Terras e Implanta\u00e7\u00e3o de Projetos de Assentamento), Dougmar Nascimento das Merc\u00eas (Diretor de Desenvolvimento de Projetos de Assentamento) e Eva Maria de Souza Sardinha (Diretor de Gest\u00e3o Administrativa).<\/p>\n\n\n\n<p>Nabhan levou sua insatisfa\u00e7\u00e3o com Jesus Corr\u00eaa a Bolsonaro h\u00e1 cerca de duas semanas. Relatou ao presidente que a press\u00e3o estava grande e que a conviv\u00eancia entre os dois estava ficando insustent\u00e1vel. Na conversa, Bolsonaro pediu para Nabhan esperar e segurar Jesus Corr\u00eaa no cargo.<\/p>\n\n\n\n<p>A ministra Tereza Cristina (Agricultura) tamb\u00e9m tentou apaziguar a situa\u00e7\u00e3o nas \u00faltimas semanas. Na reuni\u00e3o ontem, por\u00e9m, Bolsonaro deu aval para a demiss\u00e3o. Jesus Corr\u00eaa era indicado do general Carlos Alberto dos Santos Cruz, que foi demitido da Secretaria Geral da Presid\u00eancia da Rep\u00fablica em junho.<\/p>\n\n\n\n<p>A ideia \u00e9 escolher um funcion\u00e1rio de carreira para o comando do Incra. O novo comandante entrar\u00e1 com a press\u00e3o de acelerar a agenda do instituto.&nbsp;<\/p>\n","protected":false},"excerpt":{"rendered":"<p>O presidente do Instituto Nacional de Coloniza\u00e7\u00e3o e Reforma Agr\u00e1ria (Incra) , Jo\u00e3o Carlos de Jesus Corr\u00eaa, deve ser demitido, assim como os outros cinco&hellip; <\/p>\n","protected":false},"author":1,"featured_media":110902,"comment_status":"closed","ping_status":"closed","sticky":false,"template":"","format":"standard","meta":{"sfsi_plus_gutenberg_text_before_share":"","sfsi_plus_gutenberg_show_text_before_share":"","sfsi_plus_gutenberg_icon_type":"","sfsi_plus_gutenberg_icon_alignemt":"","sfsi_plus_gutenburg_max_per_row":"","footnotes":""},"categories":[11],"tags":[],"class_list":["post-122101","post","type-post","status-publish","format-standard","has-post-thumbnail","hentry","category-politica"],"_links":{"self":[{"href":"https:\/\/www.caririemacao.com\/1\/wp-json\/wp\/v2\/posts\/122101","targetHints":{"allow":["GET"]}}],"collection":[{"href":"https:\/\/www.caririemacao.com\/1\/wp-json\/wp\/v2\/posts"}],"about":[{"href":"https:\/\/www.caririemacao.com\/1\/wp-json\/wp\/v2\/types\/post"}],"author":[{"embeddable":true,"href":"https:\/\/www.caririemacao.com\/1\/wp-json\/wp\/v2\/users\/1"}],"replies":[{"embeddable":true,"href":"https:\/\/www.caririemacao.com\/1\/wp-json\/wp\/v2\/comments?post=122101"}],"version-history":[{"count":1,"href":"https:\/\/www.caririemacao.com\/1\/wp-json\/wp\/v2\/posts\/122101\/revisions"}],"predecessor-version":[{"id":122102,"href":"https:\/\/www.caririemacao.com\/1\/wp-json\/wp\/v2\/posts\/122101\/revisions\/122102"}],"wp:featuredmedia":[{"embeddable":true,"href":"https:\/\/www.caririemacao.com\/1\/wp-json\/wp\/v2\/media\/110902"}],"wp:attachment":[{"href":"https:\/\/www.caririemacao.com\/1\/wp-json\/wp\/v2\/media?parent=122101"}],"wp:term":[{"taxonomy":"category","embeddable":true,"href":"https:\/\/www.caririemacao.com\/1\/wp-json\/wp\/v2\/categories?post=122101"},{"taxonomy":"post_tag","embeddable":true,"href":"https:\/\/www.caririemacao.com\/1\/wp-json\/wp\/v2\/tags?post=122101"}],"curies":[{"name":"wp","href":"https:\/\/api.w.org\/{rel}","templated":true}]}}