{"id":122266,"date":"2019-10-01T10:29:00","date_gmt":"2019-10-01T13:29:00","guid":{"rendered":"http:\/\/www.caririemacao.com\/1\/?p=122266"},"modified":"2019-10-01T10:29:00","modified_gmt":"2019-10-01T13:29:00","slug":"crianca-de-12-anos-e-detida-suspeita-de-matar-menina-de-9-anos","status":"publish","type":"post","link":"https:\/\/www.caririemacao.com\/1\/2019\/10\/01\/crianca-de-12-anos-e-detida-suspeita-de-matar-menina-de-9-anos\/","title":{"rendered":"Crian\u00e7a de 12 anos \u00e9 detida suspeita de matar menina de 9 anos"},"content":{"rendered":"\n<p>A pol\u00edcia apreendeu um garoto de 12 anos suspeito de ter matado Ra\u00edssa Elo\u00e1 Caparelli Dadona, de 9 anos, no Parque Anhanguera, na zona oeste de S\u00e3o Paulo, na tarde deste domingo (29).<\/p>\n\n\n\n<p>A Pol\u00edcia Civil informou que a m\u00e3e do jovem o levou at\u00e9 a delegacia ap\u00f3s ele confessar que cometeu o crime. Quando chegou no Distrito Policial, o menino mudou sua vers\u00e3o.<\/p>\n\n\n\n<p>Em depoimento, o suspeito disse que haveria uma terceira pessoa envolvida no crime. Um homem conhecido como &#8220;Baianinho&#8221;, que estaria andando de bicicleta no local.<\/p>\n\n\n\n<p>A pol\u00edcia ainda n\u00e3o estabeleceu uma linha cronol\u00f3gica de como o crime aconteceu, pois os depoimentos n\u00e3o s\u00e3o consistentes.<\/p>\n\n\n\n<p>Segundo a Pol\u00edcia Civil, a poss\u00edvel causa da morte \u00e9 asfixia mec\u00e2nica, entretanto, a confirma\u00e7\u00e3o s\u00f3 ser\u00e1 poss\u00edvel ap\u00f3s o laudo do Instituto M\u00e9dico Legal, que ainda n\u00e3o ficou pronto. A hip\u00f3tese de abuso sexual tamb\u00e9m n\u00e3o foi descartada pelas equipes.<\/p>\n\n\n\n<p>O corpo da menina foi encontrado pendurado em uma \u00e1rvore com sinais de viol\u00eancia no rosto e nas pernas. Ainda segundo a pol\u00edcia, a menina tamb\u00e9m estava suja com as pr\u00f3prias fezes.<\/p>\n\n\n\n<p>Em um v\u00eddeo das c\u00e2meras de seguran\u00e7a do parque, \u00e9 poss\u00edvel ver o menino caminhando de m\u00e3o dada com Ra\u00edssa. No depoimento, o jovem teria dito que estava apenas passeando com a v\u00edtima.<\/p>\n\n\n\n<p>Segundo a fam\u00edlia, Ra\u00edssa era autista e n\u00e3o falava com estranhos. A pol\u00edcia n\u00e3o exclui a possibilidade de um terceiro envolvido, pois, durante uma crise, ela talvez tivesse mais for\u00e7a que um menino de 12 anos.<\/p>\n\n\n\n<p>Nenhuma arma foi encontrada no local do crime, mas a investiga\u00e7\u00f5es indicam que o objeto utilizado tenha sido um peda\u00e7o de madeira.<\/p>\n\n\n\n<p><strong>Garoto solit\u00e1rio<\/strong><\/p>\n\n\n\n<p>Al\u00e9m de n\u00e3o mostrar arrependimento e ser frio, segundo colegas de escola, o menino \u00e9 solit\u00e1rio, n\u00e3o anda em grupo e n\u00e3o tem muitos amigos.<\/p>\n\n\n\n<p>Al\u00e9m disso, ele costumava amea\u00e7ar apenas as meninas da escola, nunca os meninos. A m\u00e3e diz que n\u00e3o percebeu mudan\u00e7a no comportamento do filho.<\/p>\n\n\n\n<p>No dia do crime, Ra\u00edssa estava em&nbsp; uma festa dentro do Centro Educacional Unificado (CEU) no Parque Anhanguera, na Rua Pedro Jos\u00e9 de Lima, n\u00famero 1020, quando desapareceu. Durante a festa, a menina estava na fila do pula-pula, quando a m\u00e3e foi buscar pipoca para o irm\u00e3o.<\/p>\n\n\n\n<p>Por volta das 14h, um jovem que caminhava dentro do Parque Anhanguera encontrou Ra\u00edssa. O corpo foi encontrado a cerca de 3.4 km de dist\u00e2ncia do CEU.<\/p>\n\n\n\n<p>O adolescente comunicou \u00e0s equipes de Vigil\u00e2ncia do Parque Anhanguera que havia encontrado um corpo pendurado uma uma \u00e1rvore na \u00e1rea restrita aos funcion\u00e1rios do parque. Ele passou pelo local para encurtar o caminho, quando avistou o cad\u00e1ver. A Guarda Civil Metropolitana foi acionada pela Vigil\u00e2ncia do parque.<\/p>\n\n\n\n<p>A aproximadamente 500 metros do cad\u00e1ver havia manchas de sangue, um par de chinelos, um saco pl\u00e1stico pequeno e transparente e uma capa de tecido sint\u00e9tico (TNT) grande e vermelha foram encontrados.<\/p>\n\n\n\n<p>O caso foi registrado no 33\u00b0 Distrito Policial e foi encaminhado ao Delegacia de Homic\u00eddios E Prote\u00e7\u00e3o \u00e0 Pessoa (DHPP) para investiga\u00e7\u00e3o.<\/p>\n","protected":false},"excerpt":{"rendered":"<p>A pol\u00edcia apreendeu um garoto de 12 anos suspeito de ter matado Ra\u00edssa Elo\u00e1 Caparelli Dadona, de 9 anos, no Parque Anhanguera, na zona oeste&hellip; <\/p>\n","protected":false},"author":1,"featured_media":122268,"comment_status":"closed","ping_status":"closed","sticky":false,"template":"","format":"standard","meta":{"sfsi_plus_gutenberg_text_before_share":"","sfsi_plus_gutenberg_show_text_before_share":"","sfsi_plus_gutenberg_icon_type":"","sfsi_plus_gutenberg_icon_alignemt":"","sfsi_plus_gutenburg_max_per_row":"","footnotes":""},"categories":[12],"tags":[],"class_list":["post-122266","post","type-post","status-publish","format-standard","has-post-thumbnail","hentry","category-policia"],"_links":{"self":[{"href":"https:\/\/www.caririemacao.com\/1\/wp-json\/wp\/v2\/posts\/122266","targetHints":{"allow":["GET"]}}],"collection":[{"href":"https:\/\/www.caririemacao.com\/1\/wp-json\/wp\/v2\/posts"}],"about":[{"href":"https:\/\/www.caririemacao.com\/1\/wp-json\/wp\/v2\/types\/post"}],"author":[{"embeddable":true,"href":"https:\/\/www.caririemacao.com\/1\/wp-json\/wp\/v2\/users\/1"}],"replies":[{"embeddable":true,"href":"https:\/\/www.caririemacao.com\/1\/wp-json\/wp\/v2\/comments?post=122266"}],"version-history":[{"count":1,"href":"https:\/\/www.caririemacao.com\/1\/wp-json\/wp\/v2\/posts\/122266\/revisions"}],"predecessor-version":[{"id":122269,"href":"https:\/\/www.caririemacao.com\/1\/wp-json\/wp\/v2\/posts\/122266\/revisions\/122269"}],"wp:featuredmedia":[{"embeddable":true,"href":"https:\/\/www.caririemacao.com\/1\/wp-json\/wp\/v2\/media\/122268"}],"wp:attachment":[{"href":"https:\/\/www.caririemacao.com\/1\/wp-json\/wp\/v2\/media?parent=122266"}],"wp:term":[{"taxonomy":"category","embeddable":true,"href":"https:\/\/www.caririemacao.com\/1\/wp-json\/wp\/v2\/categories?post=122266"},{"taxonomy":"post_tag","embeddable":true,"href":"https:\/\/www.caririemacao.com\/1\/wp-json\/wp\/v2\/tags?post=122266"}],"curies":[{"name":"wp","href":"https:\/\/api.w.org\/{rel}","templated":true}]}}