{"id":122279,"date":"2019-10-01T10:31:40","date_gmt":"2019-10-01T13:31:40","guid":{"rendered":"http:\/\/www.caririemacao.com\/1\/?p=122279"},"modified":"2019-10-01T10:31:40","modified_gmt":"2019-10-01T13:31:40","slug":"gilmar-mendes-suspende-investigacao-de-flavio-bolsonaro-no-stf","status":"publish","type":"post","link":"https:\/\/www.caririemacao.com\/1\/2019\/10\/01\/gilmar-mendes-suspende-investigacao-de-flavio-bolsonaro-no-stf\/","title":{"rendered":"Gilmar Mendes suspende investiga\u00e7\u00e3o de Fl\u00e1vio Bolsonaro no STF"},"content":{"rendered":"\n<p>O ministro Gilmar Mendes, do Supremo Tribunal Federal, decidiu suspender investiga\u00e7\u00f5es que envolvem o senador Fl\u00e1vio Bolsonaro (PSL-RJ), filho do presidente Jair Bolsonaro, referentes a suposto esquema de pagamentos irregulares que teria ocorrido na \u00e9poca em que ele era deputado na Assembleia Legislativa do Rio de Janeiro (Alerj).<\/p>\n\n\n\n<p>Na decis\u00e3o de segunda-feira, Mendes disse que o Minist\u00e9rio P\u00fablico estadual do Rio contrariou decis\u00e3o do STF quando solicitou e recebeu no final do ano passado acesso a informa\u00e7\u00f5es do Conselho de Controle de Atividades Financeiras (Coaf) sem autoriza\u00e7\u00e3o judicial.<\/p>\n\n\n\n<p>O ministro destacou que a medida foi al\u00e9m do que havia sido determinado pelo Supremo, que fixou, em decis\u00e3o do presidente Dias Toffoli, que esses relat\u00f3rios do Coaf n\u00e3o podem conter indica\u00e7\u00e3o de titulares de opera\u00e7\u00f5es e tamb\u00e9m dos montantes globais movimentados, exceto se houver aval da Justi\u00e7a. Toffoli fixou esse entendimento no recesso de julho, ao apreciar outro caso envolvendo Fl\u00e1vio Bolsonaro.<\/p>\n\n\n\n<p>Mendes suspendeu as investiga\u00e7\u00f5es at\u00e9 o dia 21 de novembro, quando o plen\u00e1rio do Supremo vai se reunir para decidir se relat\u00f3rios individualizados do Coaf e de outros \u00f3rg\u00e3os de investiga\u00e7\u00e3o precisam do aval da Justi\u00e7a.<\/p>\n\n\n\n<p>O ministro ressalvou que a suspens\u00e3o que determinou n\u00e3o acarreta risco \u00e0s investiga\u00e7\u00f5es. &#8220;\u00c9 importante registrar que a suspens\u00e3o do processo em raz\u00e3o da pend\u00eancia de julgamento do Tema 990 de RG acarreta a suspens\u00e3o da prescri\u00e7\u00e3o do feito, de modo que n\u00e3o verifico preju\u00edzo \u00e0 investiga\u00e7\u00e3o ou risco de impunidade&#8221;, disse.<\/p>\n\n\n\n<p>O ministro determinou, diante do que considera &#8220;gravidade dos fatos&#8221;, que o Conselho Nacional do Minist\u00e9rio P\u00fablico apure a responsabilidade funcional dos integrantes do MP fluminense na dita &#8220;quebra indevida&#8221; do sigilo de Fl\u00e1vio Bolsonaro.<\/p>\n\n\n\n<p>Fl\u00e1vio Bolsonaro \u00e9 suspeito de ter praticado em seu gabinete na Alerj um esquema ilegal popularmente chamado de &#8220;rachadinha&#8221;, pelo qual um servidor repassa parte ou todo o sal\u00e1rio ao parlamentar contratante.<\/p>\n","protected":false},"excerpt":{"rendered":"<p>O ministro Gilmar Mendes, do Supremo Tribunal Federal, decidiu suspender investiga\u00e7\u00f5es que envolvem o senador Fl\u00e1vio Bolsonaro (PSL-RJ), filho do presidente Jair Bolsonaro, referentes a&hellip; <\/p>\n","protected":false},"author":1,"featured_media":122281,"comment_status":"closed","ping_status":"closed","sticky":false,"template":"","format":"standard","meta":{"sfsi_plus_gutenberg_text_before_share":"","sfsi_plus_gutenberg_show_text_before_share":"","sfsi_plus_gutenberg_icon_type":"","sfsi_plus_gutenberg_icon_alignemt":"","sfsi_plus_gutenburg_max_per_row":"","footnotes":""},"categories":[11],"tags":[],"class_list":["post-122279","post","type-post","status-publish","format-standard","has-post-thumbnail","hentry","category-politica"],"_links":{"self":[{"href":"https:\/\/www.caririemacao.com\/1\/wp-json\/wp\/v2\/posts\/122279","targetHints":{"allow":["GET"]}}],"collection":[{"href":"https:\/\/www.caririemacao.com\/1\/wp-json\/wp\/v2\/posts"}],"about":[{"href":"https:\/\/www.caririemacao.com\/1\/wp-json\/wp\/v2\/types\/post"}],"author":[{"embeddable":true,"href":"https:\/\/www.caririemacao.com\/1\/wp-json\/wp\/v2\/users\/1"}],"replies":[{"embeddable":true,"href":"https:\/\/www.caririemacao.com\/1\/wp-json\/wp\/v2\/comments?post=122279"}],"version-history":[{"count":1,"href":"https:\/\/www.caririemacao.com\/1\/wp-json\/wp\/v2\/posts\/122279\/revisions"}],"predecessor-version":[{"id":122282,"href":"https:\/\/www.caririemacao.com\/1\/wp-json\/wp\/v2\/posts\/122279\/revisions\/122282"}],"wp:featuredmedia":[{"embeddable":true,"href":"https:\/\/www.caririemacao.com\/1\/wp-json\/wp\/v2\/media\/122281"}],"wp:attachment":[{"href":"https:\/\/www.caririemacao.com\/1\/wp-json\/wp\/v2\/media?parent=122279"}],"wp:term":[{"taxonomy":"category","embeddable":true,"href":"https:\/\/www.caririemacao.com\/1\/wp-json\/wp\/v2\/categories?post=122279"},{"taxonomy":"post_tag","embeddable":true,"href":"https:\/\/www.caririemacao.com\/1\/wp-json\/wp\/v2\/tags?post=122279"}],"curies":[{"name":"wp","href":"https:\/\/api.w.org\/{rel}","templated":true}]}}