{"id":122291,"date":"2019-10-01T10:34:11","date_gmt":"2019-10-01T13:34:11","guid":{"rendered":"http:\/\/www.caririemacao.com\/1\/?p=122291"},"modified":"2019-10-01T10:34:11","modified_gmt":"2019-10-01T13:34:11","slug":"producao-industrial-brasileira-cresce-08","status":"publish","type":"post","link":"https:\/\/www.caririemacao.com\/1\/2019\/10\/01\/producao-industrial-brasileira-cresce-08\/","title":{"rendered":"Produ\u00e7\u00e3o industrial brasileira cresce 0,8%"},"content":{"rendered":"\n<p>A produ\u00e7\u00e3o industrial brasileira cresceu 0,8% na passagem de julho para agosto. Com a alta, a ind\u00fastria recuperou parte da perda de 0,9% acumulada de maio a julho. O dado \u00e9 da Pesquisa Industrial Mensal, divulgada hoje (1\u00ba) pelo Instituto Brasileiro de Geografia e Estat\u00edstica (IBGE).<br><br>Apesar da alta na compara\u00e7\u00e3o com julho, a ind\u00fastria teve quedas de 2,3% na compara\u00e7\u00e3o com agosto do ano passado e de 1,7% tanto no acumulado do ano quanto no acumulado de 12 meses.<br><br>A alta da taxa de julho para agosto foi puxada exclusivamente pelos bens intermedi\u00e1rios, isto \u00e9, os insumos industrializados usados no setor produtivo, que cresceram 1,4% no per\u00edodo.<br><br>Ao mesmo tempo, tiveram queda os bens de capital, isto \u00e9, as m\u00e1quinas e equipamentos (-0,4%), os bens de consumo dur\u00e1veis (-1,8%) e os bens de consumo semi e n\u00e3o dur\u00e1veis (-0,4%).<br><br>Entre as 26 atividades pesquisadas, apenas dez tiveram alta e sustentaram o crescimento m\u00e9dio da ind\u00fastria, com destaque para as ind\u00fastrias extrativas, que avan\u00e7aram 6,6% de julho para agosto. Tamb\u00e9m tiveram altas os setores de derivados de petr\u00f3leo e biocombust\u00edveis (3,6%) e de produtos aliment\u00edcios (2%).<br><br>Entre os 16 segmentos em queda, os destaques ficaram com ve\u00edculos automotores (-3%), artigos de vestu\u00e1rio e acess\u00f3rios (-7,4%), m\u00e1quinas e equipamentos (-2,7%) e produtos farmacoqu\u00edmicos e farmac\u00eauticos (-4,9%).<\/p>\n","protected":false},"excerpt":{"rendered":"<p>A produ\u00e7\u00e3o industrial brasileira cresceu 0,8% na passagem de julho para agosto. Com a alta, a ind\u00fastria recuperou parte da perda de 0,9% acumulada de&hellip; <\/p>\n","protected":false},"author":1,"featured_media":122293,"comment_status":"closed","ping_status":"closed","sticky":false,"template":"","format":"standard","meta":{"sfsi_plus_gutenberg_text_before_share":"","sfsi_plus_gutenberg_show_text_before_share":"","sfsi_plus_gutenberg_icon_type":"","sfsi_plus_gutenberg_icon_alignemt":"","sfsi_plus_gutenburg_max_per_row":"","footnotes":""},"categories":[2],"tags":[],"class_list":["post-122291","post","type-post","status-publish","format-standard","has-post-thumbnail","hentry","category-geral"],"_links":{"self":[{"href":"https:\/\/www.caririemacao.com\/1\/wp-json\/wp\/v2\/posts\/122291","targetHints":{"allow":["GET"]}}],"collection":[{"href":"https:\/\/www.caririemacao.com\/1\/wp-json\/wp\/v2\/posts"}],"about":[{"href":"https:\/\/www.caririemacao.com\/1\/wp-json\/wp\/v2\/types\/post"}],"author":[{"embeddable":true,"href":"https:\/\/www.caririemacao.com\/1\/wp-json\/wp\/v2\/users\/1"}],"replies":[{"embeddable":true,"href":"https:\/\/www.caririemacao.com\/1\/wp-json\/wp\/v2\/comments?post=122291"}],"version-history":[{"count":1,"href":"https:\/\/www.caririemacao.com\/1\/wp-json\/wp\/v2\/posts\/122291\/revisions"}],"predecessor-version":[{"id":122294,"href":"https:\/\/www.caririemacao.com\/1\/wp-json\/wp\/v2\/posts\/122291\/revisions\/122294"}],"wp:featuredmedia":[{"embeddable":true,"href":"https:\/\/www.caririemacao.com\/1\/wp-json\/wp\/v2\/media\/122293"}],"wp:attachment":[{"href":"https:\/\/www.caririemacao.com\/1\/wp-json\/wp\/v2\/media?parent=122291"}],"wp:term":[{"taxonomy":"category","embeddable":true,"href":"https:\/\/www.caririemacao.com\/1\/wp-json\/wp\/v2\/categories?post=122291"},{"taxonomy":"post_tag","embeddable":true,"href":"https:\/\/www.caririemacao.com\/1\/wp-json\/wp\/v2\/tags?post=122291"}],"curies":[{"name":"wp","href":"https:\/\/api.w.org\/{rel}","templated":true}]}}