{"id":122309,"date":"2019-10-01T10:39:40","date_gmt":"2019-10-01T13:39:40","guid":{"rendered":"http:\/\/www.caririemacao.com\/1\/?p=122309"},"modified":"2019-10-01T10:39:40","modified_gmt":"2019-10-01T13:39:40","slug":"trabalhadores-ja-podem-optar-pelo-saque-aniversario-do-fgts","status":"publish","type":"post","link":"https:\/\/www.caririemacao.com\/1\/2019\/10\/01\/trabalhadores-ja-podem-optar-pelo-saque-aniversario-do-fgts\/","title":{"rendered":"Trabalhadores j\u00e1 podem optar pelo Saque-Anivers\u00e1rio do FGTS"},"content":{"rendered":"\n<p>Os trabalhadores j\u00e1 podem optar pelo Saque-Anivers\u00e1rio do Fundo de Garantia do Tempo de Servi\u00e7o (FGTS). A op\u00e7\u00e3o pode ser registrada no aplicativo do FGTS ou na<a href=\"http:\/\/fgts.caixa.gov.br\/\" target=\"_blank\" rel=\"noreferrer noopener\">&nbsp;p\u00e1gina<\/a>&nbsp;.<\/p>\n\n\n\n<p>Essa modalidade de saque foi criada pela Medida Provis\u00f3ria n\u00ba 889\/2019. Ao confirmar esta op\u00e7\u00e3o em um dos canais divulgados pelo banco, o trabalhador deixar\u00e1 de efetuar o saque em caso de rescis\u00e3o de contrato de trabalho.<\/p>\n\n\n\n<p>O primeiro saque ser\u00e1 feito de acordo com um calend\u00e1rio:<\/p>\n\n\n\n<p>M\u00eas de Nascimento&nbsp;&nbsp;&nbsp;&nbsp;&nbsp;&nbsp;&nbsp;&nbsp;&nbsp;&nbsp;&nbsp;&nbsp;&nbsp;&nbsp;&nbsp;&nbsp;&nbsp;&nbsp;&nbsp; Per\u00edodo de saque<\/p>\n\n\n\n<p>Janeiro e fevereiro&nbsp;&nbsp;&nbsp;&nbsp;&nbsp;&nbsp;&nbsp;&nbsp;&nbsp;&nbsp;&nbsp;&nbsp;&nbsp;&nbsp;&nbsp;&nbsp;&nbsp;&nbsp;&nbsp;&nbsp;&nbsp; Abril a junho de 2020<\/p>\n\n\n\n<p>Mar\u00e7o e abril&nbsp;&nbsp;&nbsp;&nbsp;&nbsp;&nbsp;&nbsp;&nbsp;&nbsp;&nbsp;&nbsp;&nbsp;&nbsp;&nbsp;&nbsp;&nbsp;&nbsp;&nbsp;&nbsp;&nbsp;&nbsp;&nbsp;&nbsp;&nbsp;&nbsp;&nbsp;&nbsp;&nbsp;&nbsp;&nbsp; Maio a julho de 2020<\/p>\n\n\n\n<p>Julho&nbsp;&nbsp;&nbsp;&nbsp;&nbsp;&nbsp;&nbsp;&nbsp;&nbsp;&nbsp;&nbsp;&nbsp;&nbsp;&nbsp;&nbsp;&nbsp;&nbsp;&nbsp;&nbsp;&nbsp;&nbsp;&nbsp;&nbsp;&nbsp;&nbsp;&nbsp;&nbsp;&nbsp;&nbsp;&nbsp;&nbsp;&nbsp;&nbsp;&nbsp;&nbsp;&nbsp;&nbsp;&nbsp;&nbsp;&nbsp;&nbsp;&nbsp; Julho a setembro de 2020<\/p>\n\n\n\n<p>Agosto&nbsp;&nbsp;&nbsp;&nbsp;&nbsp;&nbsp;&nbsp;&nbsp;&nbsp;&nbsp;&nbsp;&nbsp;&nbsp;&nbsp;&nbsp;&nbsp;&nbsp;&nbsp;&nbsp;&nbsp;&nbsp;&nbsp;&nbsp;&nbsp;&nbsp;&nbsp;&nbsp;&nbsp;&nbsp;&nbsp;&nbsp;&nbsp;&nbsp;&nbsp;&nbsp;&nbsp;&nbsp;&nbsp;&nbsp;&nbsp; Agosto a outubro de 2020<\/p>\n\n\n\n<p>Setembro&nbsp;&nbsp;&nbsp;&nbsp;&nbsp;&nbsp;&nbsp;&nbsp;&nbsp;&nbsp;&nbsp;&nbsp;&nbsp;&nbsp;&nbsp;&nbsp;&nbsp;&nbsp;&nbsp;&nbsp;&nbsp;&nbsp;&nbsp;&nbsp;&nbsp;&nbsp;&nbsp;&nbsp;&nbsp;&nbsp;&nbsp;&nbsp;&nbsp;&nbsp;&nbsp; Setembro a novembro de 2020<\/p>\n\n\n\n<p>Outubro&nbsp;&nbsp;&nbsp;&nbsp;&nbsp;&nbsp;&nbsp;&nbsp;&nbsp;&nbsp;&nbsp;&nbsp;&nbsp;&nbsp;&nbsp;&nbsp;&nbsp;&nbsp;&nbsp;&nbsp;&nbsp;&nbsp;&nbsp;&nbsp;&nbsp;&nbsp;&nbsp;&nbsp;&nbsp;&nbsp;&nbsp;&nbsp;&nbsp;&nbsp;&nbsp;&nbsp;&nbsp;&nbsp; Outubro a dezembro de 2020<\/p>\n\n\n\n<p>Novembro&nbsp;&nbsp;&nbsp;&nbsp;&nbsp;&nbsp;&nbsp;&nbsp;&nbsp;&nbsp;&nbsp;&nbsp;&nbsp;&nbsp;&nbsp;&nbsp;&nbsp;&nbsp;&nbsp;&nbsp;&nbsp;&nbsp;&nbsp;&nbsp;&nbsp;&nbsp;&nbsp;&nbsp;&nbsp;&nbsp;&nbsp;&nbsp;&nbsp;&nbsp;&nbsp; Novembro de 2020 a Janeiro de 2021<\/p>\n\n\n\n<p>Dezembro&nbsp;&nbsp;&nbsp;&nbsp;&nbsp;&nbsp;&nbsp;&nbsp;&nbsp;&nbsp;&nbsp;&nbsp;&nbsp;&nbsp;&nbsp;&nbsp;&nbsp;&nbsp;&nbsp;&nbsp;&nbsp;&nbsp;&nbsp;&nbsp;&nbsp;&nbsp;&nbsp;&nbsp;&nbsp;&nbsp;&nbsp;&nbsp;&nbsp;&nbsp;&nbsp; Dezembro de 2020 a Fevereiro de 2021<\/p>\n\n\n\n<p>A partir de 2021, a libera\u00e7\u00e3o ocorrer\u00e1 no m\u00eas de anivers\u00e1rio do trabalhador, que dever\u00e1 escolher o dia 1\u00ba ou 10\u00ba do m\u00eas. Segundo a Caixa, a diferen\u00e7a \u00e9 que, ao optar pelo 10\u00ba dia, a base de c\u00e1lculo do valor a receber ser\u00e1 acrescida de juros e atualiza\u00e7\u00e3o monet\u00e1ria do m\u00eas de saque.<\/p>\n\n\n\n<p>O trabalhador poder\u00e1 sacar um percentual calculado sobre o saldo do FGTS, acrescido de parcela adicional fixa:<\/p>\n\n\n\n<figure class=\"wp-block-image\"><img decoding=\"async\" data-src=\"http:\/\/imagens.ebc.com.br\/8Omx493VcD_TlgI_5UbLNq-Ozdg=\/754x0\/smart\/http:\/\/agenciabrasil.ebc.com.br\/sites\/default\/files\/thumbnails\/image\/tabela_abr_pis_pasep_limite_fgts.png?itok=tXlp5tPg\" alt=\"Tabela FGTS \" src=\"data:image\/svg+xml;base64,PHN2ZyB3aWR0aD0iMSIgaGVpZ2h0PSIxIiB4bWxucz0iaHR0cDovL3d3dy53My5vcmcvMjAwMC9zdmciPjwvc3ZnPg==\" class=\"lazyload\" \/><\/figure>\n\n\n\n<p>Tabela FGTS &#8211;&nbsp;<strong>Ag\u00eancia Brasil<\/strong><\/p>\n\n\n\n<p>Os valores ficar\u00e3o dispon\u00edveis para saque por tr\u00eas meses, a conta do primeiro dia \u00fatil do m\u00eas de nascimento. Quem tem poupan\u00e7a ou conta corrente em qualquer banco pode solicitar o cr\u00e9dito em conta.<\/p>\n\n\n\n<p><br>A migra\u00e7\u00e3o para a modalidade Saque-Anivers\u00e1rio n\u00e3o \u00e9 obrigat\u00f3ria. Quem n\u00e3o comunicar \u00e0 Caixa o interesse em migra, permanecer\u00e1 na regra de saque-rescis\u00e3o, em que o trabalhador demitido sem justa causa, tem direito ao saque integral de sua conta do FGTS, acrescido de multa rescis\u00f3ria.<\/p>\n\n\n\n<p>Aos optantes pelo Saque-Anivers\u00e1rio est\u00e3o mantidas as movimenta\u00e7\u00f5es da conta para compra de casa pr\u00f3pria, doen\u00e7as graves, aposentadorias e outros.<\/p>\n","protected":false},"excerpt":{"rendered":"<p>Os trabalhadores j\u00e1 podem optar pelo Saque-Anivers\u00e1rio do Fundo de Garantia do Tempo de Servi\u00e7o (FGTS). A op\u00e7\u00e3o pode ser registrada no aplicativo do FGTS&hellip; <\/p>\n","protected":false},"author":1,"featured_media":14166,"comment_status":"closed","ping_status":"closed","sticky":false,"template":"","format":"standard","meta":{"sfsi_plus_gutenberg_text_before_share":"","sfsi_plus_gutenberg_show_text_before_share":"","sfsi_plus_gutenberg_icon_type":"","sfsi_plus_gutenberg_icon_alignemt":"","sfsi_plus_gutenburg_max_per_row":"","footnotes":""},"categories":[2],"tags":[],"class_list":["post-122309","post","type-post","status-publish","format-standard","has-post-thumbnail","hentry","category-geral"],"_links":{"self":[{"href":"https:\/\/www.caririemacao.com\/1\/wp-json\/wp\/v2\/posts\/122309","targetHints":{"allow":["GET"]}}],"collection":[{"href":"https:\/\/www.caririemacao.com\/1\/wp-json\/wp\/v2\/posts"}],"about":[{"href":"https:\/\/www.caririemacao.com\/1\/wp-json\/wp\/v2\/types\/post"}],"author":[{"embeddable":true,"href":"https:\/\/www.caririemacao.com\/1\/wp-json\/wp\/v2\/users\/1"}],"replies":[{"embeddable":true,"href":"https:\/\/www.caririemacao.com\/1\/wp-json\/wp\/v2\/comments?post=122309"}],"version-history":[{"count":1,"href":"https:\/\/www.caririemacao.com\/1\/wp-json\/wp\/v2\/posts\/122309\/revisions"}],"predecessor-version":[{"id":122311,"href":"https:\/\/www.caririemacao.com\/1\/wp-json\/wp\/v2\/posts\/122309\/revisions\/122311"}],"wp:featuredmedia":[{"embeddable":true,"href":"https:\/\/www.caririemacao.com\/1\/wp-json\/wp\/v2\/media\/14166"}],"wp:attachment":[{"href":"https:\/\/www.caririemacao.com\/1\/wp-json\/wp\/v2\/media?parent=122309"}],"wp:term":[{"taxonomy":"category","embeddable":true,"href":"https:\/\/www.caririemacao.com\/1\/wp-json\/wp\/v2\/categories?post=122309"},{"taxonomy":"post_tag","embeddable":true,"href":"https:\/\/www.caririemacao.com\/1\/wp-json\/wp\/v2\/tags?post=122309"}],"curies":[{"name":"wp","href":"https:\/\/api.w.org\/{rel}","templated":true}]}}