{"id":122320,"date":"2019-10-01T10:42:15","date_gmt":"2019-10-01T13:42:15","guid":{"rendered":"http:\/\/www.caririemacao.com\/1\/?p=122320"},"modified":"2019-10-01T10:42:15","modified_gmt":"2019-10-01T13:42:15","slug":"forcas-armadas-e-policia-nacional-expressam-apoio-a-vizcarra","status":"publish","type":"post","link":"https:\/\/www.caririemacao.com\/1\/2019\/10\/01\/forcas-armadas-e-policia-nacional-expressam-apoio-a-vizcarra\/","title":{"rendered":"For\u00e7as Armadas e Pol\u00edcia Nacional expressam apoio a Vizcarra"},"content":{"rendered":"\n<p>O Chefe do Comando Conjunto das For\u00e7as Armadas e os comandantes gerais do Ex\u00e9rcito, Marinha, For\u00e7a A\u00e9rea e Pol\u00edcia Nacional do Peru expressaram seu total apoio \u00e0 ordem constitucional ao Presidente Mart\u00edn Vizcarra como Chefe Supremo das For\u00e7as Armadas (FFAA) e Pol\u00edcia Nacional das For\u00e7as Armadas (PNP)&nbsp;<\/p>\n\n\n\n<p>O chefe do comando conjunto das For\u00e7as Armadas, C\u00e9sar Astudillo, os comandantes gerais do Ex\u00e9rcito, Jorge Celis;&nbsp;Marina, Fernando Cerd\u00e1n e For\u00e7a A\u00e9rea, Rodolfo Garc\u00eda, al\u00e9m do chefe da Pol\u00edcia Nacional, Jos\u00e9 Luis Lavalle, chegaram ao Pal\u00e1cio do Governo para oferecer seu apoio ao presidente.<\/p>\n\n\n\n<p>Na Casa do Governo, eles reafirmaram seu apoio e reconhecimento a Mart\u00edn Vizcarra como presidente constitucional.<\/p>\n\n\n\n<h2 class=\"wp-block-heading\">Pronunciamento da FFAA e PNP&nbsp;<\/h2>\n\n\n\n<p>O Comando Conjunto das For\u00e7as Armadas, o Ex\u00e9rcito, a Marinha e a For\u00e7a A\u00e9rea do Peru, bem como a Pol\u00edcia Nacional do Peru, emitiram pronunciamentos destinados \u00e0 opini\u00e3o p\u00fablica para registrar o reconhecimento de Mart\u00edn Vizcarra Cornejo como Presidente Constitucional da Rep\u00fablica e Chefe Supremo das For\u00e7as Armadas e da Pol\u00edcia Nacional do Peru.<\/p>\n\n\n\n<p>No caso das For\u00e7as Armadas, indicaram que sua principal miss\u00e3o \u00e9 garantir a independ\u00eancia, soberania e integridade territorial da Rep\u00fablica.&nbsp;<\/p>\n\n\n\n<p>Enquanto isso, a Pol\u00edcia Nacional do Peru afirmou que, de acordo com o artigo 166 da Constitui\u00e7\u00e3o Pol\u00edtica, mant\u00e9m e restaura a ordem interna e garante o cumprimento das leis e a seguran\u00e7a do patrim\u00f4nio p\u00fablico e privado em todo o territ\u00f3rio nacional;&nbsp;e est\u00e1 subordinado ao poder constitucional.&nbsp;<\/p>\n\n\n\n<p>O apoio do alto comando das institui\u00e7\u00f5es armadas e da Pol\u00edcia Nacional do Peru veio depois que o presidente dissolveu constitucionalmente o Congresso da Rep\u00fablica e convocou elei\u00e7\u00f5es parlamentares para janeiro do pr\u00f3ximo ano.&nbsp;<\/p>\n\n\n\n<p>O chefe de Estado adotou essa decis\u00e3o depois que o Parlamento negou a confian\u00e7a de dois Conselho de Ministros do governo eleitos para o per\u00edodo 2016-2021.<\/p>\n","protected":false},"excerpt":{"rendered":"<p>O Chefe do Comando Conjunto das For\u00e7as Armadas e os comandantes gerais do Ex\u00e9rcito, Marinha, For\u00e7a A\u00e9rea e Pol\u00edcia Nacional do Peru expressaram seu total&hellip; <\/p>\n","protected":false},"author":1,"featured_media":122322,"comment_status":"closed","ping_status":"closed","sticky":false,"template":"","format":"standard","meta":{"sfsi_plus_gutenberg_text_before_share":"","sfsi_plus_gutenberg_show_text_before_share":"","sfsi_plus_gutenberg_icon_type":"","sfsi_plus_gutenberg_icon_alignemt":"","sfsi_plus_gutenburg_max_per_row":"","footnotes":""},"categories":[2],"tags":[],"class_list":["post-122320","post","type-post","status-publish","format-standard","has-post-thumbnail","hentry","category-geral"],"_links":{"self":[{"href":"https:\/\/www.caririemacao.com\/1\/wp-json\/wp\/v2\/posts\/122320","targetHints":{"allow":["GET"]}}],"collection":[{"href":"https:\/\/www.caririemacao.com\/1\/wp-json\/wp\/v2\/posts"}],"about":[{"href":"https:\/\/www.caririemacao.com\/1\/wp-json\/wp\/v2\/types\/post"}],"author":[{"embeddable":true,"href":"https:\/\/www.caririemacao.com\/1\/wp-json\/wp\/v2\/users\/1"}],"replies":[{"embeddable":true,"href":"https:\/\/www.caririemacao.com\/1\/wp-json\/wp\/v2\/comments?post=122320"}],"version-history":[{"count":1,"href":"https:\/\/www.caririemacao.com\/1\/wp-json\/wp\/v2\/posts\/122320\/revisions"}],"predecessor-version":[{"id":122323,"href":"https:\/\/www.caririemacao.com\/1\/wp-json\/wp\/v2\/posts\/122320\/revisions\/122323"}],"wp:featuredmedia":[{"embeddable":true,"href":"https:\/\/www.caririemacao.com\/1\/wp-json\/wp\/v2\/media\/122322"}],"wp:attachment":[{"href":"https:\/\/www.caririemacao.com\/1\/wp-json\/wp\/v2\/media?parent=122320"}],"wp:term":[{"taxonomy":"category","embeddable":true,"href":"https:\/\/www.caririemacao.com\/1\/wp-json\/wp\/v2\/categories?post=122320"},{"taxonomy":"post_tag","embeddable":true,"href":"https:\/\/www.caririemacao.com\/1\/wp-json\/wp\/v2\/tags?post=122320"}],"curies":[{"name":"wp","href":"https:\/\/api.w.org\/{rel}","templated":true}]}}