{"id":122332,"date":"2019-10-01T10:47:44","date_gmt":"2019-10-01T13:47:44","guid":{"rendered":"http:\/\/www.caririemacao.com\/1\/?p=122332"},"modified":"2019-10-01T11:00:30","modified_gmt":"2019-10-01T14:00:30","slug":"pesquisas-in-loco-cariri-em-acao-iniciara-pesquisas-do-premio-referencia-neste-mes-de-outubro","status":"publish","type":"post","link":"https:\/\/www.caririemacao.com\/1\/2019\/10\/01\/pesquisas-in-loco-cariri-em-acao-iniciara-pesquisas-do-premio-referencia-neste-mes-de-outubro\/","title":{"rendered":"PESQUISAS IN LOCO: Cariri em A\u00e7\u00e3o iniciar\u00e1 pesquisas do PR\u00caMIO REFER\u00caNCIA neste m\u00eas de outubro"},"content":{"rendered":"\n<p>Na sua 7\u00aa Edi\u00e7\u00e3o, o\nPr\u00eamio Refer\u00eancia, realizado pelo Portal de Not\u00edcias Cariri em A\u00e7\u00e3o, j\u00e1 tem\ndata certa para ser realizado. <\/p>\n\n\n\n<p>A maior premia\u00e7\u00e3o da\nregi\u00e3o ser\u00e1 promovida dia 07 de dezembro, em Monteiro, e homenagear\u00e1 empresas,\nprofissionais, ve\u00edculos de imprensa da regi\u00e3o, agentes p\u00fablicos, entidades e\nv\u00e1rios outros segmentos da sociedade.<\/p>\n\n\n\n<p>O pr\u00eamio \u00e9 o resultado de pesquisas realizadas pelas equipes do Cariri em A\u00e7\u00e3o que v\u00e3o as cidades aplicar question\u00e1rios, buscando identificar as refer\u00eancias de 23 cidades da regi\u00e3o (Para\u00edba e Pernambuco). As pesquisas ser\u00e3o iniciadas dia 21 de outubro.<\/p>\n\n\n\n<div class=\"wp-block-image\"><figure class=\"aligncenter\"><img fetchpriority=\"high\" decoding=\"async\" width=\"630\" height=\"368\" src=\"http:\/\/www.caririemacao.com\/1\/wp-content\/uploads\/2019\/10\/738918025754246.jpg\" alt=\"\" class=\"wp-image-122336\" srcset=\"https:\/\/www.caririemacao.com\/1\/wp-content\/uploads\/2019\/10\/738918025754246.jpg 630w, https:\/\/www.caririemacao.com\/1\/wp-content\/uploads\/2019\/10\/738918025754246-300x175.jpg 300w\" sizes=\"(max-width: 630px) 100vw, 630px\" \/><\/figure><\/div>\n\n\n\n<p>Este ano, al\u00e9m da pesquisa para saber quais s\u00e3o as refer\u00eancias das 23 cidades, o Cariri em A\u00e7\u00e3o tamb\u00e9m far\u00e1 perguntas sobre as elei\u00e7\u00f5es do pr\u00f3ximo ano, fazendo perguntas espont\u00e2neas e estimuladas, com poss\u00edveis nomes que disputar\u00e3o as elei\u00e7\u00f5es de 2020. Os resultados ser\u00e3o divulgados paralelo a divulga\u00e7\u00e3o do PR\u00caMIO REFER\u00caNCIA.<\/p>\n\n\n\n<p>As informa\u00e7\u00f5es com a\nprograma\u00e7\u00e3o, calend\u00e1rio e rela\u00e7\u00e3o das cidades que ser\u00e3o pesquisadas ser\u00e3o\ndivulgadas nestes pr\u00f3ximos dias. Aguarde.<\/p>\n","protected":false},"excerpt":{"rendered":"<p>Na sua 7\u00aa Edi\u00e7\u00e3o, o Pr\u00eamio Refer\u00eancia, realizado pelo Portal de Not\u00edcias Cariri em A\u00e7\u00e3o, j\u00e1 tem data certa para ser realizado. A maior premia\u00e7\u00e3o&hellip; <\/p>\n","protected":false},"author":2,"featured_media":122333,"comment_status":"closed","ping_status":"closed","sticky":false,"template":"","format":"standard","meta":{"sfsi_plus_gutenberg_text_before_share":"","sfsi_plus_gutenberg_show_text_before_share":"","sfsi_plus_gutenberg_icon_type":"","sfsi_plus_gutenberg_icon_alignemt":"","sfsi_plus_gutenburg_max_per_row":"","footnotes":""},"categories":[50,2],"tags":[],"class_list":["post-122332","post","type-post","status-publish","format-standard","has-post-thumbnail","hentry","category-destaque","category-geral"],"_links":{"self":[{"href":"https:\/\/www.caririemacao.com\/1\/wp-json\/wp\/v2\/posts\/122332","targetHints":{"allow":["GET"]}}],"collection":[{"href":"https:\/\/www.caririemacao.com\/1\/wp-json\/wp\/v2\/posts"}],"about":[{"href":"https:\/\/www.caririemacao.com\/1\/wp-json\/wp\/v2\/types\/post"}],"author":[{"embeddable":true,"href":"https:\/\/www.caririemacao.com\/1\/wp-json\/wp\/v2\/users\/2"}],"replies":[{"embeddable":true,"href":"https:\/\/www.caririemacao.com\/1\/wp-json\/wp\/v2\/comments?post=122332"}],"version-history":[{"count":5,"href":"https:\/\/www.caririemacao.com\/1\/wp-json\/wp\/v2\/posts\/122332\/revisions"}],"predecessor-version":[{"id":122339,"href":"https:\/\/www.caririemacao.com\/1\/wp-json\/wp\/v2\/posts\/122332\/revisions\/122339"}],"wp:featuredmedia":[{"embeddable":true,"href":"https:\/\/www.caririemacao.com\/1\/wp-json\/wp\/v2\/media\/122333"}],"wp:attachment":[{"href":"https:\/\/www.caririemacao.com\/1\/wp-json\/wp\/v2\/media?parent=122332"}],"wp:term":[{"taxonomy":"category","embeddable":true,"href":"https:\/\/www.caririemacao.com\/1\/wp-json\/wp\/v2\/categories?post=122332"},{"taxonomy":"post_tag","embeddable":true,"href":"https:\/\/www.caririemacao.com\/1\/wp-json\/wp\/v2\/tags?post=122332"}],"curies":[{"name":"wp","href":"https:\/\/api.w.org\/{rel}","templated":true}]}}