{"id":122342,"date":"2019-10-01T12:48:04","date_gmt":"2019-10-01T15:48:04","guid":{"rendered":"http:\/\/www.caririemacao.com\/1\/?p=122342"},"modified":"2019-10-01T12:48:04","modified_gmt":"2019-10-01T15:48:04","slug":"globo-quebra-tradicao-e-roberto-carlos-nao-fara-show-de-final-de-ano","status":"publish","type":"post","link":"https:\/\/www.caririemacao.com\/1\/2019\/10\/01\/globo-quebra-tradicao-e-roberto-carlos-nao-fara-show-de-final-de-ano\/","title":{"rendered":"Globo quebra tradi\u00e7\u00e3o e Roberto Carlos n\u00e3o far\u00e1 show de final de ano"},"content":{"rendered":"\n<p>Roberto Carlos n\u00e3o gravar\u00e1 um show para o especial de fim de ano da TV Globo em 2019.&nbsp;Durante os 45 anos de contrato do cantor com a TV Globo, o m\u00fasico s\u00f3 deixou de realizar o especial em 1999, ano em que sua mulher, Maria Rita, faleceu.<\/p>\n\n\n\n<p>Ao inv\u00e9s de realizar um espet\u00e1culo, como faz todos os anos, o m\u00fasico surgir\u00e1 em imagens de uma turn\u00ea que fez nos \u00faltimos meses pelo exterior. A turn\u00ea foi em refer\u00eancia aos 60 anos de carreira de Roberto.<\/p>\n\n\n\n<p>De acordo com o colunista Mauricio Stycer, do portal UOL, a emissora carioca acompanhou as viagens do Rei pelo mundo \u2014 incluindo shows nos Estados Unidos e na Europa \u2014 e dever\u00e1 transmitir os espet\u00e1culos no especial.<\/p>\n\n\n\n<p>Mas a ideia de exibir uma turn\u00ea de Roberto n\u00e3o \u00e9 nova. Em 2011, o canal usou imagens do show dele em Jerusal\u00e9m para o programa.<\/p>\n","protected":false},"excerpt":{"rendered":"<p>Roberto Carlos n\u00e3o gravar\u00e1 um show para o especial de fim de ano da TV Globo em 2019.&nbsp;Durante os 45 anos de contrato do cantor&hellip; <\/p>\n","protected":false},"author":1,"featured_media":122343,"comment_status":"closed","ping_status":"closed","sticky":false,"template":"","format":"standard","meta":{"sfsi_plus_gutenberg_text_before_share":"","sfsi_plus_gutenberg_show_text_before_share":"","sfsi_plus_gutenberg_icon_type":"","sfsi_plus_gutenberg_icon_alignemt":"","sfsi_plus_gutenburg_max_per_row":"","footnotes":""},"categories":[2],"tags":[],"class_list":["post-122342","post","type-post","status-publish","format-standard","has-post-thumbnail","hentry","category-geral"],"_links":{"self":[{"href":"https:\/\/www.caririemacao.com\/1\/wp-json\/wp\/v2\/posts\/122342","targetHints":{"allow":["GET"]}}],"collection":[{"href":"https:\/\/www.caririemacao.com\/1\/wp-json\/wp\/v2\/posts"}],"about":[{"href":"https:\/\/www.caririemacao.com\/1\/wp-json\/wp\/v2\/types\/post"}],"author":[{"embeddable":true,"href":"https:\/\/www.caririemacao.com\/1\/wp-json\/wp\/v2\/users\/1"}],"replies":[{"embeddable":true,"href":"https:\/\/www.caririemacao.com\/1\/wp-json\/wp\/v2\/comments?post=122342"}],"version-history":[{"count":1,"href":"https:\/\/www.caririemacao.com\/1\/wp-json\/wp\/v2\/posts\/122342\/revisions"}],"predecessor-version":[{"id":122344,"href":"https:\/\/www.caririemacao.com\/1\/wp-json\/wp\/v2\/posts\/122342\/revisions\/122344"}],"wp:featuredmedia":[{"embeddable":true,"href":"https:\/\/www.caririemacao.com\/1\/wp-json\/wp\/v2\/media\/122343"}],"wp:attachment":[{"href":"https:\/\/www.caririemacao.com\/1\/wp-json\/wp\/v2\/media?parent=122342"}],"wp:term":[{"taxonomy":"category","embeddable":true,"href":"https:\/\/www.caririemacao.com\/1\/wp-json\/wp\/v2\/categories?post=122342"},{"taxonomy":"post_tag","embeddable":true,"href":"https:\/\/www.caririemacao.com\/1\/wp-json\/wp\/v2\/tags?post=122342"}],"curies":[{"name":"wp","href":"https:\/\/api.w.org\/{rel}","templated":true}]}}