{"id":122353,"date":"2019-10-01T12:50:59","date_gmt":"2019-10-01T15:50:59","guid":{"rendered":"http:\/\/www.caririemacao.com\/1\/?p=122353"},"modified":"2019-10-01T12:50:59","modified_gmt":"2019-10-01T15:50:59","slug":"paraiba-nao-adere-a-programa-de-criacao-de-escolas-civico-militares-do-governo-federal","status":"publish","type":"post","link":"https:\/\/www.caririemacao.com\/1\/2019\/10\/01\/paraiba-nao-adere-a-programa-de-criacao-de-escolas-civico-militares-do-governo-federal\/","title":{"rendered":"Para\u00edba n\u00e3o adere a programa de cria\u00e7\u00e3o de escolas c\u00edvico-militares do Governo Federal"},"content":{"rendered":"\n<p>O Estado da Para\u00edba n\u00e3o aderiu ao programa de incentivo a cria\u00e7\u00e3o de escolas c\u00edvico-militar, criado pelo Governo Federal. De acordo com balan\u00e7o divulgado nesta ter\u00e7a-feira (1\u00ba) pelo Minist\u00e9rio da Educa\u00e7\u00e3o (MEC), quinze estados aderiram ao programa, e em tr\u00eas regi\u00f5es do pa\u00eds a ades\u00e3o foi total. Centro-oeste, Norte e Sul; al\u00e9m de Cear\u00e1 e Minas Gerais optaram pelo modelo.<\/p>\n\n\n\n<p>A partir de sexta-feira (4), o governo disponibilizar\u00e1 um novo per\u00edodo de ades\u00e3o, que vai at\u00e9 o dia 11, voltado para os munic\u00edpios. A prefeitura de Campina Grande j\u00e1 demonstrou interesse no programa, como foi&nbsp;<a href=\"https:\/\/www.clickpb.com.br\/educacao\/campina-grande-e-primeira-cidade-do-nordeste-solicitar-programa-escola-civico-militar-268736.html\">antecipado pelo Click PB.<\/a><br><\/p>\n\n\n\n<p>O ministro da Educa\u00e7\u00e3o, Abraham Weintraub, disse que munic\u00edpios dos estados que n\u00e3o aderiam n\u00e3o est\u00e3o exclu\u00eddos do programa. Ele explicou ainda que nessa primeira etapa, os quinze estados que integram o modelo ter\u00e3o pelo menos duas escolas c\u00edvico-militares cada.<\/p>\n\n\n\n<p>&#8220;A gente estava prevendo duas escolas por Estado. Como tiveram 11 Estados que n\u00e3o aderiram. Ent\u00e3o tem espa\u00e7o para a gente deslocar escolas eventualmente desses Estados que n\u00e3o aderiram para Estados que aderiram&#8221;, explicou Weintraub.<\/p>\n\n\n\n<p>A ades\u00e3o ao modelo \u00e9 volunt\u00e1ria. Estados e munic\u00edpios ter\u00e3o de fazer uma consulta p\u00fablica \u00e0 comunidade escolar, que precisa aceitar a mudan\u00e7a. Segundo o MEC, ter\u00e3o prefer\u00eancia as escolas que tenham estudantes em situa\u00e7\u00e3o de vulnerabilidade social e \u00cdndice de Desenvolvimento de Educa\u00e7\u00e3o B\u00e1sica (Ideb) abaixo da m\u00e9dia do estado.<\/p>\n","protected":false},"excerpt":{"rendered":"<p>O Estado da Para\u00edba n\u00e3o aderiu ao programa de incentivo a cria\u00e7\u00e3o de escolas c\u00edvico-militar, criado pelo Governo Federal. De acordo com balan\u00e7o divulgado nesta&hellip; <\/p>\n","protected":false},"author":1,"featured_media":122355,"comment_status":"closed","ping_status":"closed","sticky":false,"template":"","format":"standard","meta":{"sfsi_plus_gutenberg_text_before_share":"","sfsi_plus_gutenberg_show_text_before_share":"","sfsi_plus_gutenberg_icon_type":"","sfsi_plus_gutenberg_icon_alignemt":"","sfsi_plus_gutenburg_max_per_row":"","footnotes":""},"categories":[14],"tags":[],"class_list":["post-122353","post","type-post","status-publish","format-standard","has-post-thumbnail","hentry","category-educacao"],"_links":{"self":[{"href":"https:\/\/www.caririemacao.com\/1\/wp-json\/wp\/v2\/posts\/122353","targetHints":{"allow":["GET"]}}],"collection":[{"href":"https:\/\/www.caririemacao.com\/1\/wp-json\/wp\/v2\/posts"}],"about":[{"href":"https:\/\/www.caririemacao.com\/1\/wp-json\/wp\/v2\/types\/post"}],"author":[{"embeddable":true,"href":"https:\/\/www.caririemacao.com\/1\/wp-json\/wp\/v2\/users\/1"}],"replies":[{"embeddable":true,"href":"https:\/\/www.caririemacao.com\/1\/wp-json\/wp\/v2\/comments?post=122353"}],"version-history":[{"count":1,"href":"https:\/\/www.caririemacao.com\/1\/wp-json\/wp\/v2\/posts\/122353\/revisions"}],"predecessor-version":[{"id":122356,"href":"https:\/\/www.caririemacao.com\/1\/wp-json\/wp\/v2\/posts\/122353\/revisions\/122356"}],"wp:featuredmedia":[{"embeddable":true,"href":"https:\/\/www.caririemacao.com\/1\/wp-json\/wp\/v2\/media\/122355"}],"wp:attachment":[{"href":"https:\/\/www.caririemacao.com\/1\/wp-json\/wp\/v2\/media?parent=122353"}],"wp:term":[{"taxonomy":"category","embeddable":true,"href":"https:\/\/www.caririemacao.com\/1\/wp-json\/wp\/v2\/categories?post=122353"},{"taxonomy":"post_tag","embeddable":true,"href":"https:\/\/www.caririemacao.com\/1\/wp-json\/wp\/v2\/tags?post=122353"}],"curies":[{"name":"wp","href":"https:\/\/api.w.org\/{rel}","templated":true}]}}