{"id":122365,"date":"2019-10-01T13:21:39","date_gmt":"2019-10-01T16:21:39","guid":{"rendered":"http:\/\/www.caririemacao.com\/1\/?p=122365"},"modified":"2019-10-01T13:21:39","modified_gmt":"2019-10-01T16:21:39","slug":"em-joao-pessoa-prefeito-de-sume-recebe-medalha-destaques-do-ano-no-esporte","status":"publish","type":"post","link":"https:\/\/www.caririemacao.com\/1\/2019\/10\/01\/em-joao-pessoa-prefeito-de-sume-recebe-medalha-destaques-do-ano-no-esporte\/","title":{"rendered":"Em Jo\u00e3o Pessoa: prefeito de Sum\u00e9 recebe medalha \u201cDestaques do Ano no Esporte\u201d"},"content":{"rendered":"\n<p>O prefeito de Sum\u00e9, \u00c9den Duarte, recebeu na noite desta segunda-feira (30) a medalha \u201cDestaque do Ano no Esporte\u201d, em Jo\u00e3o Pessoa, durante solenidade no Clube Cabo Branco, em reconhecimento\u00a0 a\u00e7\u00f5es desenvolvidas pela Prefeitura de Sum\u00e9, no esporte.\u00a0O evento est\u00e1 na sua 32\u00aa edi\u00e7\u00e3o e \u00e9 coordenado pelo jornalista Professor Uni\u00e3o e visa reconhecer o trabalho desenvolvido por jogadores, t\u00e9cnicos, dirigentes, personalidades esportivas, institui\u00e7\u00f5es de ensino, jornalistas e prefeitura que apoiam o esporte.\u00a0<\/p>\n\n\n\n<p><strong>Veja o v\u00eddeo:<\/strong><\/p>\n\n\n\n<figure><iframe data-src=\"http:\/\/www.youtube.com\/embed\/Qm4gGLw9z1U?version=3&amp;rel=1&amp;fs=1&amp;autohide=2&amp;showsearch=0&amp;showinfo=1&amp;iv_load_policy=1&amp;wmode=transparent\" allowfullscreen=\"true\" src=\"data:image\/svg+xml;base64,PHN2ZyB3aWR0aD0iMSIgaGVpZ2h0PSIxIiB4bWxucz0iaHR0cDovL3d3dy53My5vcmcvMjAwMC9zdmciPjwvc3ZnPg==\" class=\"lazyload\" data-load-mode=\"1\"><\/iframe><\/figure>\n\n\n\n<p><strong>Blog do Bruno Lira<\/strong><\/p>\n","protected":false},"excerpt":{"rendered":"<p>O prefeito de Sum\u00e9, \u00c9den Duarte, recebeu na noite desta segunda-feira (30) a medalha \u201cDestaque do Ano no Esporte\u201d, em Jo\u00e3o Pessoa, durante solenidade no&hellip; <\/p>\n","protected":false},"author":1,"featured_media":122367,"comment_status":"closed","ping_status":"closed","sticky":false,"template":"","format":"standard","meta":{"sfsi_plus_gutenberg_text_before_share":"","sfsi_plus_gutenberg_show_text_before_share":"","sfsi_plus_gutenberg_icon_type":"","sfsi_plus_gutenberg_icon_alignemt":"","sfsi_plus_gutenburg_max_per_row":"","footnotes":""},"categories":[6,50],"tags":[],"class_list":["post-122365","post","type-post","status-publish","format-standard","has-post-thumbnail","hentry","category-cidades","category-destaque"],"_links":{"self":[{"href":"https:\/\/www.caririemacao.com\/1\/wp-json\/wp\/v2\/posts\/122365","targetHints":{"allow":["GET"]}}],"collection":[{"href":"https:\/\/www.caririemacao.com\/1\/wp-json\/wp\/v2\/posts"}],"about":[{"href":"https:\/\/www.caririemacao.com\/1\/wp-json\/wp\/v2\/types\/post"}],"author":[{"embeddable":true,"href":"https:\/\/www.caririemacao.com\/1\/wp-json\/wp\/v2\/users\/1"}],"replies":[{"embeddable":true,"href":"https:\/\/www.caririemacao.com\/1\/wp-json\/wp\/v2\/comments?post=122365"}],"version-history":[{"count":1,"href":"https:\/\/www.caririemacao.com\/1\/wp-json\/wp\/v2\/posts\/122365\/revisions"}],"predecessor-version":[{"id":122368,"href":"https:\/\/www.caririemacao.com\/1\/wp-json\/wp\/v2\/posts\/122365\/revisions\/122368"}],"wp:featuredmedia":[{"embeddable":true,"href":"https:\/\/www.caririemacao.com\/1\/wp-json\/wp\/v2\/media\/122367"}],"wp:attachment":[{"href":"https:\/\/www.caririemacao.com\/1\/wp-json\/wp\/v2\/media?parent=122365"}],"wp:term":[{"taxonomy":"category","embeddable":true,"href":"https:\/\/www.caririemacao.com\/1\/wp-json\/wp\/v2\/categories?post=122365"},{"taxonomy":"post_tag","embeddable":true,"href":"https:\/\/www.caririemacao.com\/1\/wp-json\/wp\/v2\/tags?post=122365"}],"curies":[{"name":"wp","href":"https:\/\/api.w.org\/{rel}","templated":true}]}}