{"id":122374,"date":"2019-10-01T13:24:50","date_gmt":"2019-10-01T16:24:50","guid":{"rendered":"http:\/\/www.caririemacao.com\/1\/?p=122374"},"modified":"2019-10-01T13:24:50","modified_gmt":"2019-10-01T16:24:50","slug":"mpf-apura-irregularidade-em-escola-em-cidade-do-cariri","status":"publish","type":"post","link":"https:\/\/www.caririemacao.com\/1\/2019\/10\/01\/mpf-apura-irregularidade-em-escola-em-cidade-do-cariri\/","title":{"rendered":"MPF apura irregularidade em escola em cidade do Cariri"},"content":{"rendered":"\n<p>O Minist\u00e9rio P\u00fablico Federal da Para\u00edba (MPF-PB) abriu, nesta ter\u00e7a-feira (01), dois procedimentos de investiga\u00e7\u00e3o na \u00e1rea da educa\u00e7\u00e3o do estado.<\/p>\n\n\n\n<p>Os inqu\u00e9ritos foram abertos pela Procuradora Ac\u00e1cia Soares Peixoto Suassuna e visam apurar&nbsp;supostas irregularidades na contrata\u00e7\u00e3o de empresa por uma escola do munic\u00edpio de Assun\u00e7\u00e3o, no Cariri do estado, e a adequa\u00e7\u00e3o da Biblioteca Central da Universidade Federal de Campina Grande \u00e0s normas de combate ao inc\u00eandio.<\/p>\n\n\n\n<p>Ambos procedimentos t\u00eam prazo para conclus\u00e3o de um ano.<\/p>\n","protected":false},"excerpt":{"rendered":"<p>O Minist\u00e9rio P\u00fablico Federal da Para\u00edba (MPF-PB) abriu, nesta ter\u00e7a-feira (01), dois procedimentos de investiga\u00e7\u00e3o na \u00e1rea da educa\u00e7\u00e3o do estado. Os inqu\u00e9ritos foram abertos&hellip; <\/p>\n","protected":false},"author":1,"featured_media":89626,"comment_status":"closed","ping_status":"closed","sticky":false,"template":"","format":"standard","meta":{"sfsi_plus_gutenberg_text_before_share":"","sfsi_plus_gutenberg_show_text_before_share":"","sfsi_plus_gutenberg_icon_type":"","sfsi_plus_gutenberg_icon_alignemt":"","sfsi_plus_gutenburg_max_per_row":"","footnotes":""},"categories":[2],"tags":[],"class_list":["post-122374","post","type-post","status-publish","format-standard","has-post-thumbnail","hentry","category-geral"],"_links":{"self":[{"href":"https:\/\/www.caririemacao.com\/1\/wp-json\/wp\/v2\/posts\/122374","targetHints":{"allow":["GET"]}}],"collection":[{"href":"https:\/\/www.caririemacao.com\/1\/wp-json\/wp\/v2\/posts"}],"about":[{"href":"https:\/\/www.caririemacao.com\/1\/wp-json\/wp\/v2\/types\/post"}],"author":[{"embeddable":true,"href":"https:\/\/www.caririemacao.com\/1\/wp-json\/wp\/v2\/users\/1"}],"replies":[{"embeddable":true,"href":"https:\/\/www.caririemacao.com\/1\/wp-json\/wp\/v2\/comments?post=122374"}],"version-history":[{"count":1,"href":"https:\/\/www.caririemacao.com\/1\/wp-json\/wp\/v2\/posts\/122374\/revisions"}],"predecessor-version":[{"id":122375,"href":"https:\/\/www.caririemacao.com\/1\/wp-json\/wp\/v2\/posts\/122374\/revisions\/122375"}],"wp:featuredmedia":[{"embeddable":true,"href":"https:\/\/www.caririemacao.com\/1\/wp-json\/wp\/v2\/media\/89626"}],"wp:attachment":[{"href":"https:\/\/www.caririemacao.com\/1\/wp-json\/wp\/v2\/media?parent=122374"}],"wp:term":[{"taxonomy":"category","embeddable":true,"href":"https:\/\/www.caririemacao.com\/1\/wp-json\/wp\/v2\/categories?post=122374"},{"taxonomy":"post_tag","embeddable":true,"href":"https:\/\/www.caririemacao.com\/1\/wp-json\/wp\/v2\/tags?post=122374"}],"curies":[{"name":"wp","href":"https:\/\/api.w.org\/{rel}","templated":true}]}}