{"id":122382,"date":"2019-10-01T13:26:40","date_gmt":"2019-10-01T16:26:40","guid":{"rendered":"http:\/\/www.caririemacao.com\/1\/?p=122382"},"modified":"2019-10-01T13:26:40","modified_gmt":"2019-10-01T16:26:40","slug":"governo-do-estado-autoriza-licitacao-para-construcao-de-cidade-madura-em-monteiro","status":"publish","type":"post","link":"https:\/\/www.caririemacao.com\/1\/2019\/10\/01\/governo-do-estado-autoriza-licitacao-para-construcao-de-cidade-madura-em-monteiro\/","title":{"rendered":"Governo do Estado autoriza licita\u00e7\u00e3o para constru\u00e7\u00e3o de Cidade Madura em Monteiro"},"content":{"rendered":"\n<p>O governador Jo\u00e3o Azev\u00eado autorizou a Companhia Estadual de Habita\u00e7\u00e3o Popular (Cehap) a iniciar o processo licitat\u00f3rio para a constru\u00e7\u00e3o do condom\u00ednio do programa \u2018Cidade Madura\u2019 em Monteiro, no Cariri paraibano. O an\u00fancio foi feito nesta segunda-feira (30), no programa semanal \u2018Fala, governador\u2019, transmitido em cadeia estadual pela R\u00e1dio Tabajara, na semana em que se celebra o Dia Mundial do Idoso.<\/p>\n\n\n\n<p>O programa Cidade Madura tem por objetivo proporcionar moradia digna adaptada a pessoas idosas que n\u00e3o possu\u00edram, ao longo da vida, casa pr\u00f3pria. Al\u00e9m da moradia, o programa oferece lazer, sa\u00fade, seguran\u00e7a e educa\u00e7\u00e3o \u00e0s pessoas idosas contempladas. \u201cN\u00f3s sabemos da mudan\u00e7a na vida das pessoas beneficiadas com o projeto, que deixaram de pagar aluguel e passaram a ter uma habita\u00e7\u00e3o com dignidade e com todas as condi\u00e7\u00f5es de infraestrutura; isso \u00e9 transfer\u00eancia de renda\u201d, sustentou.<\/p>\n\n\n\n<p>Na oportunidade, o governador tamb\u00e9m realizou um balan\u00e7o das a\u00e7\u00f5es da gest\u00e3o estadual voltadas para as pessoas idosas, a exemplo do 5\u00ba edital do projeto Acolher, que j\u00e1 contemplou 22 institui\u00e7\u00f5es de Longa Perman\u00eancia para Idosos (ILPIs) em 16 munic\u00edpios da Para\u00edba, representando um investimento superior a R$ 1 milh\u00e3o e dos trabalhos desenvolvidos nos Centros Sociais Urbanos (CSUs), Centro de Refer\u00eancia Especializado de Assist\u00eancia Social (Creas) e Centro de Conviv\u00eancia da Pessoa Idosa (CCI).<\/p>\n\n\n\n<p>Para comemorar o Dia Mundial do Idoso, o Governo do Estado, por meio da Secretaria de Estado do Desenvolvimento Humano (Sedh), ir\u00e1 promover uma s\u00e9rie de atividades nesta semana, como a caminhada na orla do Cabo Branco, nesta ter\u00e7a-feira (1\u00ba), a partir das 6h, e sess\u00e3o de cinema no Mana\u00edra Shopping, na pr\u00f3xima quinta-feira (3), \u00e0s 14h.<\/p>\n","protected":false},"excerpt":{"rendered":"<p>O governador Jo\u00e3o Azev\u00eado autorizou a Companhia Estadual de Habita\u00e7\u00e3o Popular (Cehap) a iniciar o processo licitat\u00f3rio para a constru\u00e7\u00e3o do condom\u00ednio do programa \u2018Cidade&hellip; <\/p>\n","protected":false},"author":1,"featured_media":122384,"comment_status":"closed","ping_status":"closed","sticky":false,"template":"","format":"standard","meta":{"sfsi_plus_gutenberg_text_before_share":"","sfsi_plus_gutenberg_show_text_before_share":"","sfsi_plus_gutenberg_icon_type":"","sfsi_plus_gutenberg_icon_alignemt":"","sfsi_plus_gutenburg_max_per_row":"","footnotes":""},"categories":[50,2],"tags":[],"class_list":["post-122382","post","type-post","status-publish","format-standard","has-post-thumbnail","hentry","category-destaque","category-geral"],"_links":{"self":[{"href":"https:\/\/www.caririemacao.com\/1\/wp-json\/wp\/v2\/posts\/122382","targetHints":{"allow":["GET"]}}],"collection":[{"href":"https:\/\/www.caririemacao.com\/1\/wp-json\/wp\/v2\/posts"}],"about":[{"href":"https:\/\/www.caririemacao.com\/1\/wp-json\/wp\/v2\/types\/post"}],"author":[{"embeddable":true,"href":"https:\/\/www.caririemacao.com\/1\/wp-json\/wp\/v2\/users\/1"}],"replies":[{"embeddable":true,"href":"https:\/\/www.caririemacao.com\/1\/wp-json\/wp\/v2\/comments?post=122382"}],"version-history":[{"count":1,"href":"https:\/\/www.caririemacao.com\/1\/wp-json\/wp\/v2\/posts\/122382\/revisions"}],"predecessor-version":[{"id":122385,"href":"https:\/\/www.caririemacao.com\/1\/wp-json\/wp\/v2\/posts\/122382\/revisions\/122385"}],"wp:featuredmedia":[{"embeddable":true,"href":"https:\/\/www.caririemacao.com\/1\/wp-json\/wp\/v2\/media\/122384"}],"wp:attachment":[{"href":"https:\/\/www.caririemacao.com\/1\/wp-json\/wp\/v2\/media?parent=122382"}],"wp:term":[{"taxonomy":"category","embeddable":true,"href":"https:\/\/www.caririemacao.com\/1\/wp-json\/wp\/v2\/categories?post=122382"},{"taxonomy":"post_tag","embeddable":true,"href":"https:\/\/www.caririemacao.com\/1\/wp-json\/wp\/v2\/tags?post=122382"}],"curies":[{"name":"wp","href":"https:\/\/api.w.org\/{rel}","templated":true}]}}