{"id":122398,"date":"2019-10-01T13:32:40","date_gmt":"2019-10-01T16:32:40","guid":{"rendered":"http:\/\/www.caririemacao.com\/1\/?p=122398"},"modified":"2019-10-01T13:32:40","modified_gmt":"2019-10-01T16:32:40","slug":"votacao-de-transporte-alternativo-e-adiada-na-al-e-categoria-protesta","status":"publish","type":"post","link":"https:\/\/www.caririemacao.com\/1\/2019\/10\/01\/votacao-de-transporte-alternativo-e-adiada-na-al-e-categoria-protesta\/","title":{"rendered":"Vota\u00e7\u00e3o de transporte alternativo \u00e9 adiada na AL e categoria protesta"},"content":{"rendered":"\n<p>Motoristas de transporte alternativo iniciaram uma manifesta\u00e7\u00e3o, no fim da manh\u00e3 desta ter\u00e7a-feira (01), nas imedia\u00e7\u00f5es da Assembleia Legislativa da Para\u00edba (ALPB), no Centro de Jo\u00e3o Pessoa, ap\u00f3s os deputados estaduais adiarem a vota\u00e7\u00e3o do projeto de regulariza\u00e7\u00e3o da categoria.<\/p>\n\n\n\n<p>A bancada de oposi\u00e7\u00e3o e o G-11 esvaziariam o plen\u00e1rio, ap\u00f3s a Mesa Diretora decidir adiar a vota\u00e7\u00e3o para esta quarta-feira (2). A decis\u00e3o foi tomada pelo deputado Genival Matias (Avante), que presidia a sess\u00e3o. O parlamentar assegurou que o projeto ser\u00e1 o primeiro a ser votado amanh\u00e3 com retorno do presidente da Casa, Adriano Galdino (PSB).<\/p>\n\n\n\n<p>O adiamento desagradou os representantes da categoria que estavam presentes na sess\u00e3o, alguns destes vindo de outras cidades do estado.<\/p>\n\n\n\n<p><strong>MaisPB<\/strong><\/p>\n","protected":false},"excerpt":{"rendered":"<p>Motoristas de transporte alternativo iniciaram uma manifesta\u00e7\u00e3o, no fim da manh\u00e3 desta ter\u00e7a-feira (01), nas imedia\u00e7\u00f5es da Assembleia Legislativa da Para\u00edba (ALPB), no Centro de&hellip; <\/p>\n","protected":false},"author":1,"featured_media":122400,"comment_status":"closed","ping_status":"closed","sticky":false,"template":"","format":"standard","meta":{"sfsi_plus_gutenberg_text_before_share":"","sfsi_plus_gutenberg_show_text_before_share":"","sfsi_plus_gutenberg_icon_type":"","sfsi_plus_gutenberg_icon_alignemt":"","sfsi_plus_gutenburg_max_per_row":"","footnotes":""},"categories":[2],"tags":[],"class_list":["post-122398","post","type-post","status-publish","format-standard","has-post-thumbnail","hentry","category-geral"],"_links":{"self":[{"href":"https:\/\/www.caririemacao.com\/1\/wp-json\/wp\/v2\/posts\/122398","targetHints":{"allow":["GET"]}}],"collection":[{"href":"https:\/\/www.caririemacao.com\/1\/wp-json\/wp\/v2\/posts"}],"about":[{"href":"https:\/\/www.caririemacao.com\/1\/wp-json\/wp\/v2\/types\/post"}],"author":[{"embeddable":true,"href":"https:\/\/www.caririemacao.com\/1\/wp-json\/wp\/v2\/users\/1"}],"replies":[{"embeddable":true,"href":"https:\/\/www.caririemacao.com\/1\/wp-json\/wp\/v2\/comments?post=122398"}],"version-history":[{"count":1,"href":"https:\/\/www.caririemacao.com\/1\/wp-json\/wp\/v2\/posts\/122398\/revisions"}],"predecessor-version":[{"id":122401,"href":"https:\/\/www.caririemacao.com\/1\/wp-json\/wp\/v2\/posts\/122398\/revisions\/122401"}],"wp:featuredmedia":[{"embeddable":true,"href":"https:\/\/www.caririemacao.com\/1\/wp-json\/wp\/v2\/media\/122400"}],"wp:attachment":[{"href":"https:\/\/www.caririemacao.com\/1\/wp-json\/wp\/v2\/media?parent=122398"}],"wp:term":[{"taxonomy":"category","embeddable":true,"href":"https:\/\/www.caririemacao.com\/1\/wp-json\/wp\/v2\/categories?post=122398"},{"taxonomy":"post_tag","embeddable":true,"href":"https:\/\/www.caririemacao.com\/1\/wp-json\/wp\/v2\/tags?post=122398"}],"curies":[{"name":"wp","href":"https:\/\/api.w.org\/{rel}","templated":true}]}}