{"id":122422,"date":"2019-10-01T13:47:02","date_gmt":"2019-10-01T16:47:02","guid":{"rendered":"http:\/\/www.caririemacao.com\/1\/?p=122422"},"modified":"2019-10-01T13:47:02","modified_gmt":"2019-10-01T16:47:02","slug":"mestrado-em-matematica-da-ufcg-abre-dez-vagas-para-novos-alunos","status":"publish","type":"post","link":"https:\/\/www.caririemacao.com\/1\/2019\/10\/01\/mestrado-em-matematica-da-ufcg-abre-dez-vagas-para-novos-alunos\/","title":{"rendered":"Mestrado em Matem\u00e1tica da UFCG abre dez vagas para novos alunos"},"content":{"rendered":"\n<p>A Universidade Federal de Campina Grande (UFCG) lan\u00e7ou edital ofertando dez vagas para novos alunos interessados em ingressar no Programa de P\u00f3s Gradua\u00e7\u00e3o em Matem\u00e1tica, mestrado acad\u00eamico.<\/p>\n\n\n\n<p>Poder\u00e3o participar da sele\u00e7\u00e3o, graduados ou graduando, que estejam aptos a receber o diploma at\u00e9 06 de mar\u00e7o de 2020, das \u00e1reas de Matem\u00e1tica, Probabilidade, Estat\u00edstica ou \u00e1reas afins, a exemplo de .Engenharias, Computa\u00e7\u00e3o, Meteorologia ou qualquer outra que a Comiss\u00e3o de Sele\u00e7\u00e3o julgar pertinente.<\/p>\n\n\n\n<p>&nbsp;As inscri\u00e7\u00f5es ser\u00e3o realizadas de 8 de outubro a 2 de novembro, exclusivamente pela internet, com preenchimento de formul\u00e1rio eletr\u00f4nico dispon\u00edvel em<a href=\"https:\/\/inscricao.mat.ufcg.edu.br\/mestrado-academico\" target=\"_blank\" rel=\"noreferrer noopener\">https:\/\/inscricao.mat.ufcg.edu.br\/mestrado-academico<\/a>, e envio da documenta\u00e7\u00e3o exigida em edital.<\/p>\n\n\n\n<p>&nbsp;Os candidatos ser\u00e3o avaliados atrav\u00e9s de uma prova escrita e an\u00e1lise da documenta\u00e7\u00e3o. O resultado final sai dia 16 de dezembro.<\/p>\n\n\n\n<p>&nbsp;<a href=\"https:\/\/prpg.ufcg.edu.br\/arquivos\/editais\/2019\/editalprpg_51-19_selecaomestppgmat.pdf\" target=\"_blank\" rel=\"noreferrer noopener\">Confira o edital.<\/a><\/p>\n","protected":false},"excerpt":{"rendered":"<p>A Universidade Federal de Campina Grande (UFCG) lan\u00e7ou edital ofertando dez vagas para novos alunos interessados em ingressar no Programa de P\u00f3s Gradua\u00e7\u00e3o em Matem\u00e1tica,&hellip; <\/p>\n","protected":false},"author":1,"featured_media":105617,"comment_status":"closed","ping_status":"closed","sticky":false,"template":"","format":"standard","meta":{"sfsi_plus_gutenberg_text_before_share":"","sfsi_plus_gutenberg_show_text_before_share":"","sfsi_plus_gutenberg_icon_type":"","sfsi_plus_gutenberg_icon_alignemt":"","sfsi_plus_gutenburg_max_per_row":"","footnotes":""},"categories":[14],"tags":[],"class_list":["post-122422","post","type-post","status-publish","format-standard","has-post-thumbnail","hentry","category-educacao"],"_links":{"self":[{"href":"https:\/\/www.caririemacao.com\/1\/wp-json\/wp\/v2\/posts\/122422","targetHints":{"allow":["GET"]}}],"collection":[{"href":"https:\/\/www.caririemacao.com\/1\/wp-json\/wp\/v2\/posts"}],"about":[{"href":"https:\/\/www.caririemacao.com\/1\/wp-json\/wp\/v2\/types\/post"}],"author":[{"embeddable":true,"href":"https:\/\/www.caririemacao.com\/1\/wp-json\/wp\/v2\/users\/1"}],"replies":[{"embeddable":true,"href":"https:\/\/www.caririemacao.com\/1\/wp-json\/wp\/v2\/comments?post=122422"}],"version-history":[{"count":1,"href":"https:\/\/www.caririemacao.com\/1\/wp-json\/wp\/v2\/posts\/122422\/revisions"}],"predecessor-version":[{"id":122424,"href":"https:\/\/www.caririemacao.com\/1\/wp-json\/wp\/v2\/posts\/122422\/revisions\/122424"}],"wp:featuredmedia":[{"embeddable":true,"href":"https:\/\/www.caririemacao.com\/1\/wp-json\/wp\/v2\/media\/105617"}],"wp:attachment":[{"href":"https:\/\/www.caririemacao.com\/1\/wp-json\/wp\/v2\/media?parent=122422"}],"wp:term":[{"taxonomy":"category","embeddable":true,"href":"https:\/\/www.caririemacao.com\/1\/wp-json\/wp\/v2\/categories?post=122422"},{"taxonomy":"post_tag","embeddable":true,"href":"https:\/\/www.caririemacao.com\/1\/wp-json\/wp\/v2\/tags?post=122422"}],"curies":[{"name":"wp","href":"https:\/\/api.w.org\/{rel}","templated":true}]}}