{"id":122428,"date":"2019-10-01T13:54:07","date_gmt":"2019-10-01T16:54:07","guid":{"rendered":"http:\/\/www.caririemacao.com\/1\/?p=122428"},"modified":"2019-10-01T13:54:07","modified_gmt":"2019-10-01T16:54:07","slug":"atletas-sumeenses-conquistam-medalhas-na-1a-etapa-do-campeonato-paraibano-de-judo","status":"publish","type":"post","link":"https:\/\/www.caririemacao.com\/1\/2019\/10\/01\/atletas-sumeenses-conquistam-medalhas-na-1a-etapa-do-campeonato-paraibano-de-judo\/","title":{"rendered":"Atletas sumeenses conquistam medalhas na 1\u00aa etapa do Campeonato Paraibano de Jud\u00f4"},"content":{"rendered":"\n<p>Atletas do Programa Ol\u00edmpico do Cariri (Prolcariri), executado pelo Centro de Desenvolvimento Sustent\u00e1vel do Semi\u00e1rido da UFCG e pela Prefeitura de Sum\u00e9 conquistaram 23 medalhas na 1\u00aa etapa do Campeonato Paraibano de Jud\u00f4, realizado em Campina Grande no \u00faltimo final de semana.<\/p>\n\n\n\n<p>O Projeto Ol\u00edmpico terminou o campeonato em segundo lugar no quadro geral de medalhas, levando no total 23, sendo 14 de ouro, tr\u00eas de prata e seis de bronze.<\/p>\n\n\n\n<p>Alguns alunos conquistaram mais de uma medalha por terem lutado em v\u00e1rias categorias, s\u00e3o eles:<\/p>\n\n\n\n<p>&#8211;&nbsp;Vanessa Ferreira, que foi campe\u00e3&nbsp;no sub18, sub21 e s\u00eanior;<\/p>\n\n\n\n<p>&#8211; Luan Carvalho, campe\u00e3o sub21 e 3\u00b0 lugar s\u00eanior;<\/p>\n\n\n\n<p>&#8211; Carlos William, vice-campe\u00e3o sub 18 e 3\u00b0 lugar no sub 21;<\/p>\n\n\n\n<p>&#8211; Thainar Costa, campe\u00e3 no sub21 e s\u00eanior.<\/p>\n\n\n\n<p>Tamb\u00e9m ganharam medalhas:<\/p>\n\n\n\n<p>&#8211; Viktor Kayky, da Escola Presidente Vargas.<\/p>\n\n\n\n<p>&#8211; Igor Alc\u00e2ntara, Escola Presidente Vargas.<\/p>\n\n\n\n<p>&#8211; Marenildo Gomes, Escola Maria Leite.<\/p>\n\n\n\n<p>&#8211; Kau\u00e3 Victor de Lima, Escola Maria Leite.<\/p>\n\n\n\n<p>&nbsp;&#8211; Ana Laura Bezerra.<\/p>\n\n\n\n<p>&#8211; Stephanni Rodrigues.<\/p>\n\n\n\n<p>&#8211; Joaquim Ricardo, Escola Agr\u00edcola.<\/p>\n\n\n\n<p>&#8211; Caroline da Silva, UFCG.<\/p>\n\n\n\n<p>&#8211; Silas Batista.<\/p>\n\n\n\n<p>&#8211; Stella Rodrigues.<\/p>\n\n\n\n<p>&#8211; Jo\u00e3o Lucas Arag\u00e3o.<\/p>\n\n\n\n<p>&#8211; Nathan Vinicius Santos.<\/p>\n\n\n\n<p>&#8211; Akilles Lima, Escola Maria Leite.<\/p>\n\n\n\n<p>&#8211; Muller Farias, Escola Maria Leite.<\/p>\n\n\n\n<p>Alguns dos medalhistas agradeceram em suas redes sociais o apoio que eles recebem da Prefeitura de Sum\u00e9 no Projeto Ol\u00edmpico e nas competi\u00e7\u00f5es que v\u00e3o disputar. Os atletas s\u00e3o treinados pelo professor Luciano Correia.<\/p>\n\n\n\n<p>Ascom PMS<\/p>\n","protected":false},"excerpt":{"rendered":"<p>Atletas do Programa Ol\u00edmpico do Cariri (Prolcariri), executado pelo Centro de Desenvolvimento Sustent\u00e1vel do Semi\u00e1rido da UFCG e pela Prefeitura de Sum\u00e9 conquistaram 23 medalhas&hellip; <\/p>\n","protected":false},"author":1,"featured_media":122431,"comment_status":"closed","ping_status":"closed","sticky":false,"template":"","format":"standard","meta":{"sfsi_plus_gutenberg_text_before_share":"","sfsi_plus_gutenberg_show_text_before_share":"","sfsi_plus_gutenberg_icon_type":"","sfsi_plus_gutenberg_icon_alignemt":"","sfsi_plus_gutenburg_max_per_row":"","footnotes":""},"categories":[13],"tags":[],"class_list":["post-122428","post","type-post","status-publish","format-standard","has-post-thumbnail","hentry","category-esportes"],"_links":{"self":[{"href":"https:\/\/www.caririemacao.com\/1\/wp-json\/wp\/v2\/posts\/122428","targetHints":{"allow":["GET"]}}],"collection":[{"href":"https:\/\/www.caririemacao.com\/1\/wp-json\/wp\/v2\/posts"}],"about":[{"href":"https:\/\/www.caririemacao.com\/1\/wp-json\/wp\/v2\/types\/post"}],"author":[{"embeddable":true,"href":"https:\/\/www.caririemacao.com\/1\/wp-json\/wp\/v2\/users\/1"}],"replies":[{"embeddable":true,"href":"https:\/\/www.caririemacao.com\/1\/wp-json\/wp\/v2\/comments?post=122428"}],"version-history":[{"count":1,"href":"https:\/\/www.caririemacao.com\/1\/wp-json\/wp\/v2\/posts\/122428\/revisions"}],"predecessor-version":[{"id":122432,"href":"https:\/\/www.caririemacao.com\/1\/wp-json\/wp\/v2\/posts\/122428\/revisions\/122432"}],"wp:featuredmedia":[{"embeddable":true,"href":"https:\/\/www.caririemacao.com\/1\/wp-json\/wp\/v2\/media\/122431"}],"wp:attachment":[{"href":"https:\/\/www.caririemacao.com\/1\/wp-json\/wp\/v2\/media?parent=122428"}],"wp:term":[{"taxonomy":"category","embeddable":true,"href":"https:\/\/www.caririemacao.com\/1\/wp-json\/wp\/v2\/categories?post=122428"},{"taxonomy":"post_tag","embeddable":true,"href":"https:\/\/www.caririemacao.com\/1\/wp-json\/wp\/v2\/tags?post=122428"}],"curies":[{"name":"wp","href":"https:\/\/api.w.org\/{rel}","templated":true}]}}