{"id":122438,"date":"2019-10-01T13:56:34","date_gmt":"2019-10-01T16:56:34","guid":{"rendered":"http:\/\/www.caririemacao.com\/1\/?p=122438"},"modified":"2019-10-01T13:56:34","modified_gmt":"2019-10-01T16:56:34","slug":"governo-espera-aprovacao-da-previdencia-em-primeiro-turno-hoje","status":"publish","type":"post","link":"https:\/\/www.caririemacao.com\/1\/2019\/10\/01\/governo-espera-aprovacao-da-previdencia-em-primeiro-turno-hoje\/","title":{"rendered":"Governo espera aprova\u00e7\u00e3o da Previd\u00eancia em primeiro turno hoje"},"content":{"rendered":"\n<p>O Pal\u00e1cio do Planalto manifestou confian\u00e7a na aprova\u00e7\u00e3o, em primeiro turno, da Proposta de Emenda Constitucional (PEC) da reforma da Previd\u00eancia no Senado Federal at\u00e9 a noite desta ter\u00e7a-feira 1\u00ba.<br>\u201cA nossa expectativa \u00e9 muito positiva e esperamos que, de fato, amanh\u00e3 (ter\u00e7a-feira) n\u00f3s j\u00e1 tenhamos encerrada essa primeira rodada da Nova Previd\u00eancia, no \u00e2mbito do Senado e, logo em seguida, a segunda e, por fim, a sua aprova\u00e7\u00e3o final\u201d, afirmou nesta segunda-feira 30 o porta-voz do governo federal, Ot\u00e1vio R\u00eago Barros, em entrevista a jornalistas.<\/p>\n\n\n\n<p>A reforma da Previd\u00eancia deve ser o \u00fanico item na pauta do plen\u00e1rio do Senado. Durante a manh\u00e3, a Comiss\u00e3o de Constitui\u00e7\u00e3o e Justi\u00e7a (CCJ) vai votar o parecer do relator da proposta, Tasso Jereissati (PSDB-CE), e a mat\u00e9ria deve chegar ao plen\u00e1rio a partir das 16h, para que a vota\u00e7\u00e3o seja conclu\u00edda at\u00e9 a noite ou, no m\u00e1ximo, at\u00e9 a quarta-feira,dia 02.<\/p>\n\n\n\n<p>Mais cedo, o presidente do Senado, Davi Alcolumbre (DEM-AP), afirmou que a reforma da Previd\u00eancia pode ter mais de 60 votos favor\u00e1veis na vota\u00e7\u00e3o em plen\u00e1rio. S\u00e3o necess\u00e1rios 49 votos para que a Casa aprove mudan\u00e7as constitucionais.<\/p>\n\n\n\n<p>O segundo turno da vota\u00e7\u00e3o em plen\u00e1rio deve ocorrer na ter\u00e7a-feira ou na quarta-feira da semana que vem, segundo a previs\u00e3o de Alcolumbre, que se baseia em um calend\u00e1rio acertado entre lideran\u00e7as partid\u00e1rias da Casa.<\/p>\n","protected":false},"excerpt":{"rendered":"<p>O Pal\u00e1cio do Planalto manifestou confian\u00e7a na aprova\u00e7\u00e3o, em primeiro turno, da Proposta de Emenda Constitucional (PEC) da reforma da Previd\u00eancia no Senado Federal at\u00e9&hellip; <\/p>\n","protected":false},"author":1,"featured_media":86083,"comment_status":"closed","ping_status":"closed","sticky":false,"template":"","format":"standard","meta":{"sfsi_plus_gutenberg_text_before_share":"","sfsi_plus_gutenberg_show_text_before_share":"","sfsi_plus_gutenberg_icon_type":"","sfsi_plus_gutenberg_icon_alignemt":"","sfsi_plus_gutenburg_max_per_row":"","footnotes":""},"categories":[11],"tags":[],"class_list":["post-122438","post","type-post","status-publish","format-standard","has-post-thumbnail","hentry","category-politica"],"_links":{"self":[{"href":"https:\/\/www.caririemacao.com\/1\/wp-json\/wp\/v2\/posts\/122438","targetHints":{"allow":["GET"]}}],"collection":[{"href":"https:\/\/www.caririemacao.com\/1\/wp-json\/wp\/v2\/posts"}],"about":[{"href":"https:\/\/www.caririemacao.com\/1\/wp-json\/wp\/v2\/types\/post"}],"author":[{"embeddable":true,"href":"https:\/\/www.caririemacao.com\/1\/wp-json\/wp\/v2\/users\/1"}],"replies":[{"embeddable":true,"href":"https:\/\/www.caririemacao.com\/1\/wp-json\/wp\/v2\/comments?post=122438"}],"version-history":[{"count":1,"href":"https:\/\/www.caririemacao.com\/1\/wp-json\/wp\/v2\/posts\/122438\/revisions"}],"predecessor-version":[{"id":122440,"href":"https:\/\/www.caririemacao.com\/1\/wp-json\/wp\/v2\/posts\/122438\/revisions\/122440"}],"wp:featuredmedia":[{"embeddable":true,"href":"https:\/\/www.caririemacao.com\/1\/wp-json\/wp\/v2\/media\/86083"}],"wp:attachment":[{"href":"https:\/\/www.caririemacao.com\/1\/wp-json\/wp\/v2\/media?parent=122438"}],"wp:term":[{"taxonomy":"category","embeddable":true,"href":"https:\/\/www.caririemacao.com\/1\/wp-json\/wp\/v2\/categories?post=122438"},{"taxonomy":"post_tag","embeddable":true,"href":"https:\/\/www.caririemacao.com\/1\/wp-json\/wp\/v2\/tags?post=122438"}],"curies":[{"name":"wp","href":"https:\/\/api.w.org\/{rel}","templated":true}]}}