{"id":122447,"date":"2019-10-01T14:20:37","date_gmt":"2019-10-01T17:20:37","guid":{"rendered":"http:\/\/www.caririemacao.com\/1\/?p=122447"},"modified":"2019-10-01T14:20:37","modified_gmt":"2019-10-01T17:20:37","slug":"assistencia-social-de-sume-lanca-programacao-para-comemorar-o-mes-da-crianca","status":"publish","type":"post","link":"https:\/\/www.caririemacao.com\/1\/2019\/10\/01\/assistencia-social-de-sume-lanca-programacao-para-comemorar-o-mes-da-crianca\/","title":{"rendered":"Assist\u00eancia Social de Sum\u00e9 lan\u00e7a programa\u00e7\u00e3o para comemorar o m\u00eas da crian\u00e7a"},"content":{"rendered":"\n<p>A Secretaria de Assist\u00eancia Social de Sum\u00e9 preparou uma programa\u00e7\u00e3o especial com atividades voltadas para o p\u00fablico infantil durante este m\u00eas de outubro, m\u00eas em que se tem no calend\u00e1rio o dia das crian\u00e7as.<\/p>\n\n\n\n<p>As comemora\u00e7\u00f5es tem in\u00edcio neste s\u00e1bado (05), \u00e0s 17 horas, na Pra\u00e7a Jos\u00e9 Am\u00e9rico, com a apresenta\u00e7\u00e3o do show musical-teatral \u201cReino M\u00e1gico Produ\u00e7\u00f5es\u201d, s\u00e3o personagens da Disney: princesas, Aladin, a Bela e a Fera, que estar\u00e3o em Sum\u00e9 para brincar com as crian\u00e7as.<\/p>\n\n\n\n<p>Ap\u00f3s o show, os personagens ter\u00e3o um tempo para tirar fotos com as crian\u00e7as.<\/p>\n\n\n\n<p>Tamb\u00e9m neste dia haver\u00e1 o lan\u00e7amento do Edital para a escolha da logomarca do Conselho Municipal dos Direitos da Crian\u00e7a e do Adolescente (CMDCA) do munic\u00edpio de Sum\u00e9.<\/p>\n\n\n\n<p>Na segunda-feira (07), a Secretaria de Assist\u00eancia Social realiza a segunda edi\u00e7\u00e3o da \u201cSemana do Beb\u00ea \u2013 Todos juntos pela primeira inf\u00e2ncia\u201d, com rodas de conversa, palestras e orienta\u00e7\u00f5es \u00e0s m\u00e3es sobre os cuidados na primeira inf\u00e2ncia.<\/p>\n\n\n\n<p>A programa\u00e7\u00e3o em homenagem \u00e0s crian\u00e7as continua nos dias 12 e 19 com momentos de lazer e ciranda de servi\u00e7os, encerrando-se no dia 30 com a realiza\u00e7\u00e3o do I F\u00f3rum sobre a preven\u00e7\u00e3o da viol\u00eancia contra adolescentes e jovens.<\/p>\n\n\n\n<p><strong>Confira a programa\u00e7\u00e3o completa:<\/strong><\/p>\n\n\n\n<p><strong>DIA: 05 DE OUTUBRO<\/strong><\/p>\n\n\n\n<p>Show Musical Teatral com Reino M\u00e1gico Produ\u00e7\u00f5es, a partir das 17h, na Pra\u00e7a Jos\u00e9 Am\u00e9rico.<\/p>\n\n\n\n<p>Lan\u00e7amento do Edital 002\/2019 para escolha da Logomarca do Conselho Municipal da Crian\u00e7a e do Adolescente \u2013 CMDCA<\/p>\n\n\n\n<p><strong>DE 07 A 11 DE OUTUBRO<\/strong><\/p>\n\n\n\n<p><strong>II SEMANA DO BEB\u00ca \u201cTodos juntos pela primeira inf\u00e2ncia.\u201d<\/strong><\/p>\n\n\n\n<p><strong>DIA: 07\/10\/2019 SEGUNDA-FEIRA<\/strong><\/p>\n\n\n\n<p><strong>09h \u2013 ABERTURA<\/strong><\/p>\n\n\n\n<p><strong>Local:&nbsp;<\/strong>Audit\u00f3rio do Programa Bolsa Fam\u00edlia.<\/p>\n\n\n\n<p>\u2013 Roda de Conversa sobre os cuidados na Primeira Inf\u00e2ncia e distribui\u00e7\u00e3o de repelentes.<\/p>\n\n\n\n<p>\u2013 Palestra sobre a import\u00e2ncia do Aleitamento Materno.<\/p>\n\n\n\n<p><strong>P\u00fablico alvo:&nbsp;<\/strong>Grupo de M\u00e3es do CRAS e gestantes benefici\u00e1rias do Programa Bolsa Fam\u00edlia e Programa Crian\u00e7a Feliz.<\/p>\n\n\n\n<p><strong>Respons\u00e1vel:<\/strong>&nbsp;Secretaria de Assist\u00eancia Social<\/p>\n\n\n\n<p><strong>Facilitadores<\/strong>: Equipe t\u00e9cnica da Prote\u00e7\u00e3o Social B\u00e1sica.<\/p>\n\n\n\n<p><strong>DIA 08\/10\/2019 QUARTA- FEIRA<\/strong><\/p>\n\n\n\n<p><strong>Turno: Manh\u00e3<\/strong><\/p>\n\n\n\n<p><strong>Local: Creche Rita Cipriano Bezerra<\/strong><\/p>\n\n\n\n<p>10h \u2013 Roda de Conversa sobre a Sa\u00fade da Crian\u00e7a e Preven\u00e7\u00e3o de acidentes dom\u00e9sticos.<\/p>\n\n\n\n<p><strong>P\u00fablico alvo:<\/strong>&nbsp;Crian\u00e7as e familiares (pais ou respons\u00e1veis)<\/p>\n\n\n\n<p><strong>Respons\u00e1vel:<\/strong>&nbsp;Secretaria de Sa\u00fade<\/p>\n\n\n\n<p><strong>Facilitadores<\/strong>: Equipe SAMU.<\/p>\n\n\n\n<p><strong>DIA 09\/10\/2019 QUINTA- FEIRA<\/strong><\/p>\n\n\n\n<p><strong>Turno: Tarde<\/strong><\/p>\n\n\n\n<p><strong>Local: Creche Anita Garibaldi Mendon\u00e7a Raphael<\/strong><\/p>\n\n\n\n<p>14h \u2013 Roda de Conversa sobre a Sa\u00fade da Crian\u00e7a e Preven\u00e7\u00e3o de acidentes dom\u00e9sticos.<\/p>\n\n\n\n<p><strong>P\u00fablico alvo:<\/strong>&nbsp;Crian\u00e7as e familiares (pais ou respons\u00e1veis)<\/p>\n\n\n\n<p><strong>Respons\u00e1vel:<\/strong>&nbsp;Secretaria de Sa\u00fade<\/p>\n\n\n\n<p><strong>Facilitadores<\/strong>: Equipe SAMU.<\/p>\n\n\n\n<p><strong>DIA: 10\/10\/2019 TER\u00c7A-FEIRA<\/strong><\/p>\n\n\n\n<p><strong>Turnos: Manh\u00e3 e Tarde<\/strong><\/p>\n\n\n\n<p><strong>Local:&nbsp;<\/strong>Unidades B\u00e1sicas de Sa\u00fade da Fam\u00edlia UBSF<\/p>\n\n\n\n<p>\u2013 Roda de Conversa sobre sa\u00fade da Crian\u00e7a.<\/p>\n\n\n\n<p><strong>P\u00fablico alvo:<\/strong>&nbsp;Fam\u00edlias<\/p>\n\n\n\n<p><strong>Respons\u00e1veis:<\/strong>&nbsp;Secret\u00e1ria de Sa\u00fade<\/p>\n\n\n\n<p><strong>Facilitadores<\/strong>: Equipes t\u00e9cnicas das UBSF\u2019s<\/p>\n\n\n\n<p><strong>DIA 11\/10\/2019 SEXTA-FEIRA<\/strong><\/p>\n\n\n\n<p><strong>CULMINANCIA DA II SEMANA DO BEBE<\/strong><\/p>\n\n\n\n<p><strong>Local:<\/strong>&nbsp;Projeto M\u00f4nica \u2013 Polo do Servi\u00e7o de Conviv\u00eancia e Fortalecimento de V\u00ednculos SCFV.<\/p>\n\n\n\n<p><strong>8h \u2013 Momento L\u00fadico<\/strong>: Oficina de conta\u00e7\u00e3o de hist\u00f3ria com a Equipe do Programa Crian\u00e7a Feliz.<\/p>\n\n\n\n<p><strong>P\u00fablico alvo<\/strong>: Crian\u00e7as<\/p>\n\n\n\n<p><strong>Respons\u00e1vel<\/strong>: Secretaria de Assist\u00eancia Social<\/p>\n\n\n\n<p><strong>Facilitadores<\/strong>: Equipe do Programa Crian\u00e7a Feliz.<\/p>\n\n\n\n<p><strong>\u201cEu e meu munic\u00edpio crescendo juntos rumo ao selo Unicef 2020\u201d!<\/strong><\/p>\n\n\n\n<p><strong>DIA 12 DE OUTUBRO&nbsp;<\/strong><\/p>\n\n\n\n<p>Momento de lazer e descontra\u00e7\u00e3o para todas as crian\u00e7as, com Brinquedos e distribui\u00e7\u00e3o de pipoca e algod\u00e3o doce, na Pra\u00e7a Jos\u00e9 Am\u00e9rico, a partir das 17h.<\/p>\n\n\n\n<p><strong>DIA 19 DE OUTUBRO<\/strong><\/p>\n\n\n\n<p><strong>7h<\/strong>&nbsp;\u2013 Ciranda de Servi\u00e7os de Sa\u00fade, na Pra\u00e7a Jose Am\u00e9rico.<\/p>\n\n\n\n<p><strong>DIA 30 DE OUTUBRO<\/strong><\/p>\n\n\n\n<p><strong>8h \u2013<\/strong>&nbsp;I F\u00d3RUM SOBRE A PREVEN\u00c7\u00c3O DA VIOLENCIA CONTRA ADOLESCENTES E JOVENS<\/p>\n\n\n\n<p><strong>Local:&nbsp;<\/strong>Quadra O Ded\u00e3o, na Escola Z\u00e9lia Braz.<\/p>\n\n\n\n<p><strong>\u2013 Premia\u00e7\u00e3o do Concurso da Logomarca do CMDCA no encerramento do FORUM.<\/strong><\/p>\n\n\n\n<p>Ascom PMS<\/p>\n","protected":false},"excerpt":{"rendered":"<p>A Secretaria de Assist\u00eancia Social de Sum\u00e9 preparou uma programa\u00e7\u00e3o especial com atividades voltadas para o p\u00fablico infantil durante este m\u00eas de outubro, m\u00eas em&hellip; <\/p>\n","protected":false},"author":1,"featured_media":122449,"comment_status":"closed","ping_status":"closed","sticky":false,"template":"","format":"standard","meta":{"sfsi_plus_gutenberg_text_before_share":"","sfsi_plus_gutenberg_show_text_before_share":"","sfsi_plus_gutenberg_icon_type":"","sfsi_plus_gutenberg_icon_alignemt":"","sfsi_plus_gutenburg_max_per_row":"","footnotes":""},"categories":[2],"tags":[],"class_list":["post-122447","post","type-post","status-publish","format-standard","has-post-thumbnail","hentry","category-geral"],"_links":{"self":[{"href":"https:\/\/www.caririemacao.com\/1\/wp-json\/wp\/v2\/posts\/122447","targetHints":{"allow":["GET"]}}],"collection":[{"href":"https:\/\/www.caririemacao.com\/1\/wp-json\/wp\/v2\/posts"}],"about":[{"href":"https:\/\/www.caririemacao.com\/1\/wp-json\/wp\/v2\/types\/post"}],"author":[{"embeddable":true,"href":"https:\/\/www.caririemacao.com\/1\/wp-json\/wp\/v2\/users\/1"}],"replies":[{"embeddable":true,"href":"https:\/\/www.caririemacao.com\/1\/wp-json\/wp\/v2\/comments?post=122447"}],"version-history":[{"count":1,"href":"https:\/\/www.caririemacao.com\/1\/wp-json\/wp\/v2\/posts\/122447\/revisions"}],"predecessor-version":[{"id":122450,"href":"https:\/\/www.caririemacao.com\/1\/wp-json\/wp\/v2\/posts\/122447\/revisions\/122450"}],"wp:featuredmedia":[{"embeddable":true,"href":"https:\/\/www.caririemacao.com\/1\/wp-json\/wp\/v2\/media\/122449"}],"wp:attachment":[{"href":"https:\/\/www.caririemacao.com\/1\/wp-json\/wp\/v2\/media?parent=122447"}],"wp:term":[{"taxonomy":"category","embeddable":true,"href":"https:\/\/www.caririemacao.com\/1\/wp-json\/wp\/v2\/categories?post=122447"},{"taxonomy":"post_tag","embeddable":true,"href":"https:\/\/www.caririemacao.com\/1\/wp-json\/wp\/v2\/tags?post=122447"}],"curies":[{"name":"wp","href":"https:\/\/api.w.org\/{rel}","templated":true}]}}