{"id":122457,"date":"2019-10-01T14:24:06","date_gmt":"2019-10-01T17:24:06","guid":{"rendered":"http:\/\/www.caririemacao.com\/1\/?p=122457"},"modified":"2019-10-01T14:24:06","modified_gmt":"2019-10-01T17:24:06","slug":"joao-henrique-nao-cita-mais-a-filha-como-pre-candidata-a-prefeita-de-monteiro-e-especula-sua-propria-candidatura-em-2020","status":"publish","type":"post","link":"https:\/\/www.caririemacao.com\/1\/2019\/10\/01\/joao-henrique-nao-cita-mais-a-filha-como-pre-candidata-a-prefeita-de-monteiro-e-especula-sua-propria-candidatura-em-2020\/","title":{"rendered":"Jo\u00e3o Henrique n\u00e3o cita mais a filha como pr\u00e9-candidata a prefeita de Monteiro e especula sua pr\u00f3pria candidatura em 2020"},"content":{"rendered":"\n<p>As especula\u00e7\u00f5es sobre o candidato a prefeito de Monteiro pelo grupo de oposi\u00e7\u00e3o continuam mexendo com os bastidores pol\u00edticos no munic\u00edpio.<\/p>\n\n\n\n<p>Nesta segunda-feira, 30, em entrevista \u00e0 r\u00e1dio comunit\u00e1ria Imprensa FM, o deputado estadual Jo\u00e3o Henrique (PSDB) n\u00e3o descartou a possibilidade de disputar a prefeitura de Monteiro no pr\u00f3ximo ano.<\/p>\n\n\n\n<p>Ao ser indagado sobre o candidato do grupo Henrique \u00e0 prefeitura de Monteiro, o deputado mencionou alguns nomes, entre eles o de sua esposa, a deputada federal Edna Henrique, dos filhos Z\u00e9 Silvestre e Michel Henrique, dos vereadores Lito Campos e Chuta Aleixo, e o seu pr\u00f3prio nome.<\/p>\n\n\n\n<p>A n\u00e3o cita\u00e7\u00e3o do nome da filha Micheilla Henrique entre os poss\u00edveis pr\u00e9-candidatos fortalece a tese de que ap\u00f3s passar por problemas de ordens pessoais, o l\u00edder maior da fam\u00edlia Henrique j\u00e1 n\u00e3o se encoraja em colocar a m\u00e9dica como candidata do grupo em 2020.<\/p>\n\n\n\n<p>Apesar de mencionar os nomes dos vereadores Lito Campos e Chuta Aleixo com possibilidades de compor a cabe\u00e7a da chapa de prefeito, nos bastidores da pol\u00edtica monteirense a cren\u00e7a \u00e9 de que Jo\u00e3o Henrique n\u00e3o deixar\u00e1 de lan\u00e7ar um \u201cHenrique\u201d para a cabe\u00e7a de chapa pelo bloco de oposi\u00e7\u00e3o.<\/p>\n\n\n\n<p><em>Com informa\u00e7\u00f5es do Vitrine do Cariri<\/em><\/p>\n","protected":false},"excerpt":{"rendered":"<p>As especula\u00e7\u00f5es sobre o candidato a prefeito de Monteiro pelo grupo de oposi\u00e7\u00e3o continuam mexendo com os bastidores pol\u00edticos no munic\u00edpio. Nesta segunda-feira, 30, em&hellip; <\/p>\n","protected":false},"author":1,"featured_media":122459,"comment_status":"closed","ping_status":"closed","sticky":false,"template":"","format":"standard","meta":{"sfsi_plus_gutenberg_text_before_share":"","sfsi_plus_gutenberg_show_text_before_share":"","sfsi_plus_gutenberg_icon_type":"","sfsi_plus_gutenberg_icon_alignemt":"","sfsi_plus_gutenburg_max_per_row":"","footnotes":""},"categories":[6],"tags":[],"class_list":["post-122457","post","type-post","status-publish","format-standard","has-post-thumbnail","hentry","category-cidades"],"_links":{"self":[{"href":"https:\/\/www.caririemacao.com\/1\/wp-json\/wp\/v2\/posts\/122457","targetHints":{"allow":["GET"]}}],"collection":[{"href":"https:\/\/www.caririemacao.com\/1\/wp-json\/wp\/v2\/posts"}],"about":[{"href":"https:\/\/www.caririemacao.com\/1\/wp-json\/wp\/v2\/types\/post"}],"author":[{"embeddable":true,"href":"https:\/\/www.caririemacao.com\/1\/wp-json\/wp\/v2\/users\/1"}],"replies":[{"embeddable":true,"href":"https:\/\/www.caririemacao.com\/1\/wp-json\/wp\/v2\/comments?post=122457"}],"version-history":[{"count":1,"href":"https:\/\/www.caririemacao.com\/1\/wp-json\/wp\/v2\/posts\/122457\/revisions"}],"predecessor-version":[{"id":122460,"href":"https:\/\/www.caririemacao.com\/1\/wp-json\/wp\/v2\/posts\/122457\/revisions\/122460"}],"wp:featuredmedia":[{"embeddable":true,"href":"https:\/\/www.caririemacao.com\/1\/wp-json\/wp\/v2\/media\/122459"}],"wp:attachment":[{"href":"https:\/\/www.caririemacao.com\/1\/wp-json\/wp\/v2\/media?parent=122457"}],"wp:term":[{"taxonomy":"category","embeddable":true,"href":"https:\/\/www.caririemacao.com\/1\/wp-json\/wp\/v2\/categories?post=122457"},{"taxonomy":"post_tag","embeddable":true,"href":"https:\/\/www.caririemacao.com\/1\/wp-json\/wp\/v2\/tags?post=122457"}],"curies":[{"name":"wp","href":"https:\/\/api.w.org\/{rel}","templated":true}]}}