{"id":122469,"date":"2019-10-02T07:29:04","date_gmt":"2019-10-02T10:29:04","guid":{"rendered":"http:\/\/www.caririemacao.com\/1\/?p=122469"},"modified":"2019-10-02T07:29:30","modified_gmt":"2019-10-02T10:29:30","slug":"camara-de-sume-aprova-projetos-que-estavam-nas-comissoes-na-casa-legislativa","status":"publish","type":"post","link":"https:\/\/www.caririemacao.com\/1\/2019\/10\/02\/camara-de-sume-aprova-projetos-que-estavam-nas-comissoes-na-casa-legislativa\/","title":{"rendered":"C\u00e2mara de Sum\u00e9 aprova projetos que estavam nas comiss\u00f5es na Casa Legislativa"},"content":{"rendered":"\n<p>Na noite desta ter\u00e7a-feira (01), a C\u00e2mara de Vereadores de Sum\u00e9 esteve reunida, aprovando v\u00e1rios projetos que estavam tramitando nas comiss\u00f5es na Casa Legislativa e entraram para o debate e aprova\u00e7\u00e3o.<\/p>\n\n\n\n<figure class=\"wp-block-image\"><img fetchpriority=\"high\" decoding=\"async\" width=\"1024\" height=\"682\" src=\"http:\/\/www.caririemacao.com\/1\/wp-content\/uploads\/2019\/10\/DSC_0039-1024x682.jpg\" alt=\"\" class=\"wp-image-122472\" srcset=\"https:\/\/www.caririemacao.com\/1\/wp-content\/uploads\/2019\/10\/DSC_0039-1024x682.jpg 1024w, https:\/\/www.caririemacao.com\/1\/wp-content\/uploads\/2019\/10\/DSC_0039-300x200.jpg 300w, https:\/\/www.caririemacao.com\/1\/wp-content\/uploads\/2019\/10\/DSC_0039-768x512.jpg 768w, https:\/\/www.caririemacao.com\/1\/wp-content\/uploads\/2019\/10\/DSC_0039.jpg 1280w\" sizes=\"(max-width: 1024px) 100vw, 1024px\" \/><\/figure>\n\n\n\n<p>Os vereadores aprovaram o Projeto de resolu\u00e7\u00e3o n\u00ba 77\/2019 de\nautoria do vereador Bonilson Timot\u00e9o, Bomba e Jeffeson Menezes que disp\u00f5e sobre\nprojetos de lei de iniciativa popular por meio f\u00edsico ou eletr\u00f4nico.<\/p>\n\n\n\n<p>De acordo com o projeto de resolu\u00e7\u00e3o, a iniciativa popular\nser\u00e1 exercida pela apresenta\u00e7\u00e3o de Projeto de Lei \u00e0 C\u00e2mara do Munic\u00edpio de\nSum\u00e9, do interesse especifico do munic\u00edpio, atrav\u00e9s de manifesta\u00e7\u00e3o de pelo\nmenos 5% do eleitorado. A subscri\u00e7\u00e3o a iniciativa popular de leis observar\u00e1 as\nregras dispostas no regimento interna da C\u00e2mara, podendo ser realizada de forma\nf\u00edsica ou eletr\u00f4nica.<\/p>\n\n\n\n<p>O vereador Daniel L\u00eala teve seu voto de aplauso aos\norganizadores do Festival Z\u00e9 Marcolino aprovado por unanimidade. Ele disse que\no evento superou as expectativas e que a organiza\u00e7\u00e3o estava de parab\u00e9ns pela\nqualidade do festival.<\/p>\n\n\n\n<p>Tamb\u00e9m foi aprovado o Projeto de Lei 538\/2019 de autoria do\nPoder Executivo que disp\u00f5e sobre a cria\u00e7\u00e3o de novas vagas para os cargos de\ncozinheiro e motorista, ambos no provimento efetivo no Plano de Cargos e\nsistemas de carreiras dos servidores p\u00fablicos.<\/p>\n\n\n\n<p>Dentro do projetos aprovados ainda constou o Projeto de Lei\nn\u00famero 543\/2019 de autoria do Poder Executivo que denomina de Ant\u00f4nio Severino\nda Silva, o campo de futebol localizado no Assentamento Cigana, sentido Sum\u00e9 a\nS\u00e3o Jos\u00e9 dos Cordeiros- fronteiras: de um lado Assentamento Passagem Rasa e de\noutro, S\u00edtio Santo Agostinho, o PL foi encaminhado as comiss\u00f5es.<\/p>\n\n\n\n<p>Na tribunal, o sumeense Eduardo Guerra usou a tribuna para falar da import\u00e2ncia dos res\u00edduos s\u00f3lidos. Ele fez um resumo de como est\u00e1 sendo trabalhado o tema a n\u00edvel mundial e local. Ele alertou sobre a quest\u00e3o da coleta seletiva do lixo. Ele pediu apoio dos vereadores para juntos trabalharem em defesa do meio ambiente.<\/p>\n\n\n\n<p>CLIQUE E VEJA AS FOTOS DA REUNI\u00c3O.<\/p>\n\n\n\n<p>Cariri em A\u00e7\u00e3o com Ascom<\/p>\n","protected":false},"excerpt":{"rendered":"<p>Na noite desta ter\u00e7a-feira (01), a C\u00e2mara de Vereadores de Sum\u00e9 esteve reunida, aprovando v\u00e1rios projetos que estavam tramitando nas comiss\u00f5es na Casa Legislativa e&hellip; <\/p>\n","protected":false},"author":2,"featured_media":122470,"comment_status":"closed","ping_status":"closed","sticky":false,"template":"","format":"standard","meta":{"sfsi_plus_gutenberg_text_before_share":"","sfsi_plus_gutenberg_show_text_before_share":"","sfsi_plus_gutenberg_icon_type":"","sfsi_plus_gutenberg_icon_alignemt":"","sfsi_plus_gutenburg_max_per_row":"","footnotes":""},"categories":[50,2],"tags":[],"class_list":["post-122469","post","type-post","status-publish","format-standard","has-post-thumbnail","hentry","category-destaque","category-geral"],"_links":{"self":[{"href":"https:\/\/www.caririemacao.com\/1\/wp-json\/wp\/v2\/posts\/122469","targetHints":{"allow":["GET"]}}],"collection":[{"href":"https:\/\/www.caririemacao.com\/1\/wp-json\/wp\/v2\/posts"}],"about":[{"href":"https:\/\/www.caririemacao.com\/1\/wp-json\/wp\/v2\/types\/post"}],"author":[{"embeddable":true,"href":"https:\/\/www.caririemacao.com\/1\/wp-json\/wp\/v2\/users\/2"}],"replies":[{"embeddable":true,"href":"https:\/\/www.caririemacao.com\/1\/wp-json\/wp\/v2\/comments?post=122469"}],"version-history":[{"count":2,"href":"https:\/\/www.caririemacao.com\/1\/wp-json\/wp\/v2\/posts\/122469\/revisions"}],"predecessor-version":[{"id":122473,"href":"https:\/\/www.caririemacao.com\/1\/wp-json\/wp\/v2\/posts\/122469\/revisions\/122473"}],"wp:featuredmedia":[{"embeddable":true,"href":"https:\/\/www.caririemacao.com\/1\/wp-json\/wp\/v2\/media\/122470"}],"wp:attachment":[{"href":"https:\/\/www.caririemacao.com\/1\/wp-json\/wp\/v2\/media?parent=122469"}],"wp:term":[{"taxonomy":"category","embeddable":true,"href":"https:\/\/www.caririemacao.com\/1\/wp-json\/wp\/v2\/categories?post=122469"},{"taxonomy":"post_tag","embeddable":true,"href":"https:\/\/www.caririemacao.com\/1\/wp-json\/wp\/v2\/tags?post=122469"}],"curies":[{"name":"wp","href":"https:\/\/api.w.org\/{rel}","templated":true}]}}