{"id":122488,"date":"2019-10-02T08:13:56","date_gmt":"2019-10-02T11:13:56","guid":{"rendered":"http:\/\/www.caririemacao.com\/1\/?p=122488"},"modified":"2019-10-02T08:13:56","modified_gmt":"2019-10-02T11:13:56","slug":"adolescente-e-apreendido-suspeito-de-estuprar-prima-de-6-anos-em-aroeiras","status":"publish","type":"post","link":"https:\/\/www.caririemacao.com\/1\/2019\/10\/02\/adolescente-e-apreendido-suspeito-de-estuprar-prima-de-6-anos-em-aroeiras\/","title":{"rendered":"Adolescente \u00e9 apreendido suspeito de estuprar prima de 6 anos em Aroeiras"},"content":{"rendered":"\n<p>Um adolescente foi apreendido suspeito de estuprar a prima de 6 anos, na cidade de Aroeiras, na Para\u00edba. O crime aconteceu quando a m\u00e3e do adolescente pediu para os dois ir at\u00e9 a casa de uma vizinha para buscar um bolo.<\/p>\n\n\n\n<p>Como a mulher n\u00e3o estava em casa, eles ficaram aguardando no local atr\u00e1s de uma pedra, onde aconteceu o estupro.<\/p>\n\n\n\n<p>De acordo com o delegado, Everaldo Miranda, parentes da crian\u00e7a notaram os ferimentos e a crian\u00e7a foi encaminhada para um hospital da regi\u00e3o onde permaneceu internada por quatro dias.&nbsp;<\/p>\n\n\n\n<p>A m\u00e3e da menina denunciou o caso na Pol\u00edcia Civil onde foram solicitados exames no Numol, onde constataram o estupro.&nbsp;<\/p>\n\n\n\n<p>A Comarca da cidade expediu o pedido de apreens\u00e3o e o mandado foi cumprido pela Pol\u00edcia Civil.&nbsp;<\/p>\n\n\n\n<p>O adolescente foi encaminhado para o Lar do Garoto, em Lagoa Seca.&nbsp;<\/p>\n","protected":false},"excerpt":{"rendered":"<p>Um adolescente foi apreendido suspeito de estuprar a prima de 6 anos, na cidade de Aroeiras, na Para\u00edba. O crime aconteceu quando a m\u00e3e do&hellip; <\/p>\n","protected":false},"author":1,"featured_media":122491,"comment_status":"closed","ping_status":"closed","sticky":false,"template":"","format":"standard","meta":{"sfsi_plus_gutenberg_text_before_share":"","sfsi_plus_gutenberg_show_text_before_share":"","sfsi_plus_gutenberg_icon_type":"","sfsi_plus_gutenberg_icon_alignemt":"","sfsi_plus_gutenburg_max_per_row":"","footnotes":""},"categories":[12],"tags":[],"class_list":["post-122488","post","type-post","status-publish","format-standard","has-post-thumbnail","hentry","category-policia"],"_links":{"self":[{"href":"https:\/\/www.caririemacao.com\/1\/wp-json\/wp\/v2\/posts\/122488","targetHints":{"allow":["GET"]}}],"collection":[{"href":"https:\/\/www.caririemacao.com\/1\/wp-json\/wp\/v2\/posts"}],"about":[{"href":"https:\/\/www.caririemacao.com\/1\/wp-json\/wp\/v2\/types\/post"}],"author":[{"embeddable":true,"href":"https:\/\/www.caririemacao.com\/1\/wp-json\/wp\/v2\/users\/1"}],"replies":[{"embeddable":true,"href":"https:\/\/www.caririemacao.com\/1\/wp-json\/wp\/v2\/comments?post=122488"}],"version-history":[{"count":1,"href":"https:\/\/www.caririemacao.com\/1\/wp-json\/wp\/v2\/posts\/122488\/revisions"}],"predecessor-version":[{"id":122492,"href":"https:\/\/www.caririemacao.com\/1\/wp-json\/wp\/v2\/posts\/122488\/revisions\/122492"}],"wp:featuredmedia":[{"embeddable":true,"href":"https:\/\/www.caririemacao.com\/1\/wp-json\/wp\/v2\/media\/122491"}],"wp:attachment":[{"href":"https:\/\/www.caririemacao.com\/1\/wp-json\/wp\/v2\/media?parent=122488"}],"wp:term":[{"taxonomy":"category","embeddable":true,"href":"https:\/\/www.caririemacao.com\/1\/wp-json\/wp\/v2\/categories?post=122488"},{"taxonomy":"post_tag","embeddable":true,"href":"https:\/\/www.caririemacao.com\/1\/wp-json\/wp\/v2\/tags?post=122488"}],"curies":[{"name":"wp","href":"https:\/\/api.w.org\/{rel}","templated":true}]}}