{"id":122528,"date":"2019-10-02T08:35:37","date_gmt":"2019-10-02T11:35:37","guid":{"rendered":"http:\/\/www.caririemacao.com\/1\/?p=122528"},"modified":"2019-10-02T08:35:37","modified_gmt":"2019-10-02T11:35:37","slug":"policia-militar-comeca-a-arrecadar-brinquedos-para-criancas-carentes-2","status":"publish","type":"post","link":"https:\/\/www.caririemacao.com\/1\/2019\/10\/02\/policia-militar-comeca-a-arrecadar-brinquedos-para-criancas-carentes-2\/","title":{"rendered":"Pol\u00edcia Militar come\u00e7a a arrecadar brinquedos para crian\u00e7as carentes"},"content":{"rendered":"\n<p>A Briosa Pol\u00edcia Militar da Para\u00edba, revestindo-se de seu car\u00e1ter e voca\u00e7\u00e3o humanista lan\u00e7a a 4\u00aa edi\u00e7\u00e3o da Opera\u00e7\u00e3o Crian\u00e7a Feliz, que tem o objetivo de arrecadar brinquedos para serem distribu\u00eddos no dia das crian\u00e7as, proporcionando ao p\u00fablico infantil carente, momentos de alegria e divers\u00e3o e solidariedade para aqueles que achavam que n\u00e3o seria ser lembrados numa data t\u00e3o simb\u00f3lica como \u00e9 o dia das crian\u00e7as.<\/p>\n\n\n\n<p>Al\u00e9m dos policiais, a popula\u00e7\u00e3o tamb\u00e9m pode participar da iniciativa levando um brinquedo at\u00e9 os quart\u00e9is.<\/p>\n\n\n\n<p>As doa\u00e7\u00f5es poder\u00e3o serem feitas at\u00e9 o dia 11 de outubro na sede do 11\u00ba Batalh\u00e3o de Pol\u00edcia Militar ou em qualquer Companhia de Pol\u00edcia Militar pr\u00f3ximo de sua regi\u00e3o.<\/p>\n\n\n\n<p>A entrega dos produtos doados ir\u00e1 ser realizada no dia 12 de outubro de 2019 nas comunidades carentes escolhidas pelas unidades da PM.<\/p>\n\n\n\n<p>No ano passado, a corpora\u00e7\u00e3o arrecadou e distribuiu mais de 20 mil brinquedos em regi\u00f5es de vulnerabilidade social em toda a Para\u00edba.<\/p>\n\n\n\n<p>Fa\u00e7a sua parte, abrace essa ideia, adote este simples gesto humanit\u00e1rio, doe e fa\u00e7a uma crian\u00e7a feliz.<\/p>\n","protected":false},"excerpt":{"rendered":"<p>A Briosa Pol\u00edcia Militar da Para\u00edba, revestindo-se de seu car\u00e1ter e voca\u00e7\u00e3o humanista lan\u00e7a a 4\u00aa edi\u00e7\u00e3o da Opera\u00e7\u00e3o Crian\u00e7a Feliz, que tem o objetivo&hellip; <\/p>\n","protected":false},"author":1,"featured_media":122530,"comment_status":"closed","ping_status":"closed","sticky":false,"template":"","format":"standard","meta":{"sfsi_plus_gutenberg_text_before_share":"","sfsi_plus_gutenberg_show_text_before_share":"","sfsi_plus_gutenberg_icon_type":"","sfsi_plus_gutenberg_icon_alignemt":"","sfsi_plus_gutenburg_max_per_row":"","footnotes":""},"categories":[50,2],"tags":[],"class_list":["post-122528","post","type-post","status-publish","format-standard","has-post-thumbnail","hentry","category-destaque","category-geral"],"_links":{"self":[{"href":"https:\/\/www.caririemacao.com\/1\/wp-json\/wp\/v2\/posts\/122528","targetHints":{"allow":["GET"]}}],"collection":[{"href":"https:\/\/www.caririemacao.com\/1\/wp-json\/wp\/v2\/posts"}],"about":[{"href":"https:\/\/www.caririemacao.com\/1\/wp-json\/wp\/v2\/types\/post"}],"author":[{"embeddable":true,"href":"https:\/\/www.caririemacao.com\/1\/wp-json\/wp\/v2\/users\/1"}],"replies":[{"embeddable":true,"href":"https:\/\/www.caririemacao.com\/1\/wp-json\/wp\/v2\/comments?post=122528"}],"version-history":[{"count":1,"href":"https:\/\/www.caririemacao.com\/1\/wp-json\/wp\/v2\/posts\/122528\/revisions"}],"predecessor-version":[{"id":122531,"href":"https:\/\/www.caririemacao.com\/1\/wp-json\/wp\/v2\/posts\/122528\/revisions\/122531"}],"wp:featuredmedia":[{"embeddable":true,"href":"https:\/\/www.caririemacao.com\/1\/wp-json\/wp\/v2\/media\/122530"}],"wp:attachment":[{"href":"https:\/\/www.caririemacao.com\/1\/wp-json\/wp\/v2\/media?parent=122528"}],"wp:term":[{"taxonomy":"category","embeddable":true,"href":"https:\/\/www.caririemacao.com\/1\/wp-json\/wp\/v2\/categories?post=122528"},{"taxonomy":"post_tag","embeddable":true,"href":"https:\/\/www.caririemacao.com\/1\/wp-json\/wp\/v2\/tags?post=122528"}],"curies":[{"name":"wp","href":"https:\/\/api.w.org\/{rel}","templated":true}]}}