{"id":122538,"date":"2019-10-02T08:38:00","date_gmt":"2019-10-02T11:38:00","guid":{"rendered":"http:\/\/www.caririemacao.com\/1\/?p=122538"},"modified":"2019-10-02T08:38:00","modified_gmt":"2019-10-02T11:38:00","slug":"garoto-diz-em-depoimento-que-brincou-com-menina-antes-de-mata-la","status":"publish","type":"post","link":"https:\/\/www.caririemacao.com\/1\/2019\/10\/02\/garoto-diz-em-depoimento-que-brincou-com-menina-antes-de-mata-la\/","title":{"rendered":"Garoto diz em depoimento que brincou com menina antes de mat\u00e1-la"},"content":{"rendered":"\n<p>O menino de 12 anos acusado de matar Ra\u00edssa Elo\u00e1 Capareli Dadona, 9 anos, no parque Anhanguera, na regi\u00e3o de Perus (zona norte da capital paulista), afirmou em depoimento que brincou com a v\u00edtima antes de mat\u00e1-la.<br><\/p>\n\n\n\n<p>A menina estava com a fam\u00edlia em uma festa no CEU (Centro de Educa\u00e7\u00e3o Unificado) Anhanguera, no \u00faltimo domingo (29). Ela estava na fila do pula-pula, enquanto a m\u00e3e foi com o irm\u00e3o de Ra\u00edssa pegar pipoca, quando desapareceu. Seu corpo foi encontrado cerca de uma hora depois amarrado em uma \u00e1rvore no&nbsp; parque.<\/p>\n\n\n\n<p>Segundo o delegado Luiz Eduardo Marturano, o menor afirmou em depoimento que foi com a v\u00edtima a p\u00e9 do CEU at\u00e9 o parque &#8211; a dist\u00e2ncia entre as portarias dos dois locais, a p\u00e9, \u00e9 de cerca de 3,5 km. Uma c\u00e2mera de seguran\u00e7a mostrou os dois andando a p\u00e9 de m\u00e3os dadas pela estrada de Perus.<\/p>\n\n\n\n<p>No local, segundo Marturano, o menino afirmou que teria brincado com Ra\u00edssa e, em seguida, a agredido com socos na regi\u00e3o do rosto. &#8220;Depois ele disse que a empurrou a uma \u00e1rvore, a amarrou [na regi\u00e3o do pesco\u00e7o] e a agrediu novamente&#8221;, afirmou o titular da 5\u00aa Delegacia de Pol\u00edcia de Repress\u00e3o aos Crimes Contra a Crian\u00e7a e o Adolescente.<\/p>\n\n\n\n<p>O delegado acrescentou que a menina foi amarrada \u00e0 \u00e1rvore ainda consciente, com um tipo de fio. O menor, segundo o policial, usou um peda\u00e7o de madeira para espancar a garota nesta ocasi\u00e3o. O objeto, no entanto, ainda n\u00e3o foi localizado pela pol\u00edcia. A investiga\u00e7\u00e3o tamb\u00e9m n\u00e3o sabe o que motivou o crime.&nbsp;<\/p>\n\n\n\n<p>Marturano afirmou que, ap\u00f3s colher o depoimento do menino, na segunda-feira (30), ficou &#8220;mexido&#8221;, ou seja, emocionado. &#8220;Sai daqui [DHPP] vazio. Infelizmente isso \u00e9 uma trag\u00e9dia para a fam\u00edlia da menina, uma crian\u00e7a especial, e tamb\u00e9m para a fam\u00edlia do menor tamb\u00e9m.&#8221;<\/p>\n\n\n\n<p>Os pais do garoto tamb\u00e9m ficaram chocados, acrescentou o delegado, ap\u00f3s o filho confessar o crime.&nbsp;<\/p>\n\n\n\n<p>A apreens\u00e3o provis\u00f3ria do adolescente, pelo per\u00edodo de 45 dias, j\u00e1 foi decretada pela Justi\u00e7a. O menor ser\u00e1 submetido \u00e0 avalia\u00e7\u00e3o psicol\u00f3gica. Ele foi internado na noite de segunda, ap\u00f3s depoimento.<\/p>\n\n\n\n<p>Ra\u00edssa e o garoto moravam na mesma rua, ainda de acordo com a pol\u00edcia, no bairro Morro Doce, tamb\u00e9m na regi\u00e3o de Perus.&nbsp;<\/p>\n\n\n\n<p>O DHPP aguarda o resultado dos exames do IML para que a causa da morte de Ra\u00edssa seja conhecida.&nbsp;<\/p>\n\n\n\n<p>A pol\u00edcia pretende colher depoimentos dos parentes de Ra\u00edssa, do garoto, e de pessoas que conviveram com o menor, principalmente meninas.<\/p>\n","protected":false},"excerpt":{"rendered":"<p>O menino de 12 anos acusado de matar Ra\u00edssa Elo\u00e1 Capareli Dadona, 9 anos, no parque Anhanguera, na regi\u00e3o de Perus (zona norte da capital&hellip; <\/p>\n","protected":false},"author":1,"featured_media":122539,"comment_status":"closed","ping_status":"closed","sticky":false,"template":"","format":"standard","meta":{"sfsi_plus_gutenberg_text_before_share":"","sfsi_plus_gutenberg_show_text_before_share":"","sfsi_plus_gutenberg_icon_type":"","sfsi_plus_gutenberg_icon_alignemt":"","sfsi_plus_gutenburg_max_per_row":"","footnotes":""},"categories":[12],"tags":[],"class_list":["post-122538","post","type-post","status-publish","format-standard","has-post-thumbnail","hentry","category-policia"],"_links":{"self":[{"href":"https:\/\/www.caririemacao.com\/1\/wp-json\/wp\/v2\/posts\/122538","targetHints":{"allow":["GET"]}}],"collection":[{"href":"https:\/\/www.caririemacao.com\/1\/wp-json\/wp\/v2\/posts"}],"about":[{"href":"https:\/\/www.caririemacao.com\/1\/wp-json\/wp\/v2\/types\/post"}],"author":[{"embeddable":true,"href":"https:\/\/www.caririemacao.com\/1\/wp-json\/wp\/v2\/users\/1"}],"replies":[{"embeddable":true,"href":"https:\/\/www.caririemacao.com\/1\/wp-json\/wp\/v2\/comments?post=122538"}],"version-history":[{"count":1,"href":"https:\/\/www.caririemacao.com\/1\/wp-json\/wp\/v2\/posts\/122538\/revisions"}],"predecessor-version":[{"id":122540,"href":"https:\/\/www.caririemacao.com\/1\/wp-json\/wp\/v2\/posts\/122538\/revisions\/122540"}],"wp:featuredmedia":[{"embeddable":true,"href":"https:\/\/www.caririemacao.com\/1\/wp-json\/wp\/v2\/media\/122539"}],"wp:attachment":[{"href":"https:\/\/www.caririemacao.com\/1\/wp-json\/wp\/v2\/media?parent=122538"}],"wp:term":[{"taxonomy":"category","embeddable":true,"href":"https:\/\/www.caririemacao.com\/1\/wp-json\/wp\/v2\/categories?post=122538"},{"taxonomy":"post_tag","embeddable":true,"href":"https:\/\/www.caririemacao.com\/1\/wp-json\/wp\/v2\/tags?post=122538"}],"curies":[{"name":"wp","href":"https:\/\/api.w.org\/{rel}","templated":true}]}}