{"id":122549,"date":"2019-10-02T08:40:04","date_gmt":"2019-10-02T11:40:04","guid":{"rendered":"http:\/\/www.caririemacao.com\/1\/?p=122549"},"modified":"2019-10-02T08:40:04","modified_gmt":"2019-10-02T11:40:04","slug":"presidente-do-trf-4-diz-que-lula-tem-regalia-e-que-nao-cabe-ao-petista-definir-prisao","status":"publish","type":"post","link":"https:\/\/www.caririemacao.com\/1\/2019\/10\/02\/presidente-do-trf-4-diz-que-lula-tem-regalia-e-que-nao-cabe-ao-petista-definir-prisao\/","title":{"rendered":"Presidente do TRF-4 diz que Lula tem &#8216;regalia&#8217; e que n\u00e3o cabe ao petista definir pris\u00e3o"},"content":{"rendered":"\n<p>O presidente do TRF-4 (Tribunal Regional Federal da 4\u00aa Regi\u00e3o), Victor dos Santos Laus, disse nesta ter\u00e7a-feira (1\u00ba) que o ex-presidente Luiz In\u00e1cio Lula da Silva desfruta de &#8220;regalia&#8221; por estar preso na sede da Pol\u00edcia Federal em Curitiba.<br><\/p>\n\n\n\n<p>Laus afirmou tamb\u00e9m que os vizinhos da PF reclamam da desvaloriza\u00e7\u00e3o dos im\u00f3veis e que cabe ao Poder Judici\u00e1rio, e n\u00e3o a Lula, as decis\u00f5es sobre a progress\u00e3o de regime de presos.&nbsp;<\/p>\n\n\n\n<p>O TRF-4 julga em segunda inst\u00e2ncia os processos de Lula no \u00e2mbito da Lava Jato. A declara\u00e7\u00e3o de Laus foi dada \u00e0 R\u00e1dio Ga\u00facha, do Grupo RBS, afiliada da Globo em Porto Alegre.&nbsp;<\/p>\n\n\n\n<p>Laus comentou a carta escrita por Lula e divulgada na \u00faltima segunda-feira (30). O ex-presidente escreveu que n\u00e3o aceitava &#8220;barganhar seus direitos e sua liberdade&#8221; para cumprir pena fora da pris\u00e3o.<br><\/p>\n\n\n\n<p>A carta foi uma resposta \u00e0 for\u00e7a-tarefa da Lava Jato, que, na \u00faltima sexta (27), pediu \u00e0 Justi\u00e7a que Lula seja beneficiado com o regime semiaberto, j\u00e1 que ele cumpre requisitos para isso &#8211; como ter cumprido mais de um sexto da pena e ser considerado um preso de bom comportamento.&nbsp;<\/p>\n\n\n\n<p>&#8220;Na realidade, o ex-presidente desfruta de uma condi\u00e7\u00e3o especial\u00edssima. Ele n\u00e3o est\u00e1 preso em um estabelecimento que rigorosamente \u00e9 destinado a todos os demais presos&#8221;, afirmou Laus.&nbsp;<\/p>\n\n\n\n<p>&#8220;O ex-presidente est\u00e1 nas depend\u00eancias da Pol\u00edcia Federal em Curitiba. \u00c9 uma situa\u00e7\u00e3o absolutamente especial, at\u00e9 em fun\u00e7\u00e3o da condi\u00e7\u00e3o do ex-presidente e, porque ele responde a outros processos penais, se entendeu adequado que ele permanecesse nas depend\u00eancias da Pol\u00edcia Federal. Pode-se dizer que isso \u00e9 uma regalia&#8221;, completou ele, na entrevista feita ao vivo.<\/p>\n\n\n\n<p>O direito de Lula de cumprir pena em uma sala de Estado-maior, que oferece condi\u00e7\u00f5es especiais, foi previsto na decis\u00e3o do ent\u00e3o juiz Sergio Moro ao decretar a pris\u00e3o do petista ap\u00f3s condena\u00e7\u00e3o por corrup\u00e7\u00e3o e lavagem de dinheiro no caso do tr\u00edplex de Guaruj\u00e1.<\/p>\n\n\n\n<p>Em agosto, ao barrar a transfer\u00eancia do ex-presidente \u00e0 penitenci\u00e1ria de Trememb\u00e9, no interior de S\u00e3o Paulo, o STF reafirmou o direito do petista de cumprir pena em uma sala de Estado-maior.<\/p>\n\n\n\n<p>Laus disse que recebeu reclama\u00e7\u00f5es de vizinhos da PF em Curitiba sobre desvaloriza\u00e7\u00e3o dos im\u00f3veis.<\/p>\n\n\n\n<p>&#8220;N\u00f3s j\u00e1 recebemos inclusive manifesta\u00e7\u00f5es da cidade de Curitiba e do entorno onde se localiza a Pol\u00edcia Federal, pedindo v\u00e1rias vezes que o ex-presidente saia de Curitiba. Aquela situa\u00e7\u00e3o est\u00e1 desvalorizando im\u00f3veis da regi\u00e3o, causando tumulto. Portanto, o ex-presidente sabe que n\u00e3o \u00e9 bem-vindo onde ele est\u00e1. Isso por parte da comunidade de Curitiba, morador da capital paranaense&#8221;, disse o presidente do TRF-4.<\/p>\n\n\n\n<p>Laus afirmou que Lula pode &#8220;n\u00e3o pleitear&#8221; o benef\u00edcio de progress\u00e3o, mas que &#8220;n\u00e3o \u00e9 ele que administra o sistema&#8221;.<\/p>\n\n\n\n<p>&#8220;Se ele entender por n\u00e3o pleitear um benef\u00edcio de cumprimento de pena, isso est\u00e1 sujeito \u00e0 discri\u00e7\u00e3o dele. Mas, novamente, n\u00e3o \u00e9 ele que administra o sistema. O sistema \u00e9 administrado pelo Poder Judici\u00e1rio. Se o Poder Judici\u00e1rio tiver necessidade de que outro preso ocupe aquelas depend\u00eancias da Pol\u00edcia Federal&#8230;&#8221;, afirmou.<\/p>\n\n\n\n<p>O magistrado disse ainda que a vaga de Lula pode ser requisitada para outro preso. A carceragem da PF, por\u00e9m, era um dormit\u00f3rio para policiais em viagem antes da chegada do ex-presidente.<\/p>\n\n\n\n<p>&#8220;O fato de ele, digamos assim, recusar um benef\u00edcio, \u00e9 uma situa\u00e7\u00e3o extraordin\u00e1ria. Na realidade, uma vez implementado o tempo necess\u00e1rio \u00e0 progress\u00e3o, ele progride, sim, de regime. Isso pode ser requerido pelo Minist\u00e9rio P\u00fablico. Pode at\u00e9 ser examinado de of\u00edcio, porque o sistema tem a necessidade de oferecer a vaga dele para outra pessoa&#8221;, acrescentou.<\/p>\n","protected":false},"excerpt":{"rendered":"<p>O presidente do TRF-4 (Tribunal Regional Federal da 4\u00aa Regi\u00e3o), Victor dos Santos Laus, disse nesta ter\u00e7a-feira (1\u00ba) que o ex-presidente Luiz In\u00e1cio Lula da&hellip; <\/p>\n","protected":false},"author":1,"featured_media":112613,"comment_status":"closed","ping_status":"closed","sticky":false,"template":"","format":"standard","meta":{"sfsi_plus_gutenberg_text_before_share":"","sfsi_plus_gutenberg_show_text_before_share":"","sfsi_plus_gutenberg_icon_type":"","sfsi_plus_gutenberg_icon_alignemt":"","sfsi_plus_gutenburg_max_per_row":"","footnotes":""},"categories":[11],"tags":[],"class_list":["post-122549","post","type-post","status-publish","format-standard","has-post-thumbnail","hentry","category-politica"],"_links":{"self":[{"href":"https:\/\/www.caririemacao.com\/1\/wp-json\/wp\/v2\/posts\/122549","targetHints":{"allow":["GET"]}}],"collection":[{"href":"https:\/\/www.caririemacao.com\/1\/wp-json\/wp\/v2\/posts"}],"about":[{"href":"https:\/\/www.caririemacao.com\/1\/wp-json\/wp\/v2\/types\/post"}],"author":[{"embeddable":true,"href":"https:\/\/www.caririemacao.com\/1\/wp-json\/wp\/v2\/users\/1"}],"replies":[{"embeddable":true,"href":"https:\/\/www.caririemacao.com\/1\/wp-json\/wp\/v2\/comments?post=122549"}],"version-history":[{"count":1,"href":"https:\/\/www.caririemacao.com\/1\/wp-json\/wp\/v2\/posts\/122549\/revisions"}],"predecessor-version":[{"id":122551,"href":"https:\/\/www.caririemacao.com\/1\/wp-json\/wp\/v2\/posts\/122549\/revisions\/122551"}],"wp:featuredmedia":[{"embeddable":true,"href":"https:\/\/www.caririemacao.com\/1\/wp-json\/wp\/v2\/media\/112613"}],"wp:attachment":[{"href":"https:\/\/www.caririemacao.com\/1\/wp-json\/wp\/v2\/media?parent=122549"}],"wp:term":[{"taxonomy":"category","embeddable":true,"href":"https:\/\/www.caririemacao.com\/1\/wp-json\/wp\/v2\/categories?post=122549"},{"taxonomy":"post_tag","embeddable":true,"href":"https:\/\/www.caririemacao.com\/1\/wp-json\/wp\/v2\/tags?post=122549"}],"curies":[{"name":"wp","href":"https:\/\/api.w.org\/{rel}","templated":true}]}}