{"id":122557,"date":"2019-10-02T08:42:17","date_gmt":"2019-10-02T11:42:17","guid":{"rendered":"http:\/\/www.caririemacao.com\/1\/?p=122557"},"modified":"2019-10-02T08:42:17","modified_gmt":"2019-10-02T11:42:17","slug":"omc-reduz-perspectivas-para-o-comercio-global-em-2019","status":"publish","type":"post","link":"https:\/\/www.caririemacao.com\/1\/2019\/10\/02\/omc-reduz-perspectivas-para-o-comercio-global-em-2019\/","title":{"rendered":"OMC reduz perspectivas para o com\u00e9rcio global em 2019"},"content":{"rendered":"\n<p>A Organiza\u00e7\u00e3o Mundial do Com\u00e9rcio (OMC) reduziu significativamente suas previs\u00f5es para o com\u00e9rcio global neste ano devido \u00e0 disputa comercial entre Estados Unidos (EUA) e China, al\u00e9m de outros fatores.<\/p>\n\n\n\n<p>A OMC divulgou suas previs\u00f5es atualizadas na ter\u00e7a-feira (1\u00b0).<\/p>\n\n\n\n<p>A organiza\u00e7\u00e3o espera que o volume de com\u00e9rcio de mercadorias no mundo aumente 1,2% em 2019.<\/p>\n\n\n\n<p>Isso \u00e9 uma redu\u00e7\u00e3o significativa em rela\u00e7\u00e3o \u00e0 estimativa de abril, de 2,6%, e um crescimento muito menor que os 3% registrados no ano passado.<\/p>\n\n\n\n<p>Representantes da OMC mencionaram o aumento das tens\u00f5es comerciais entre EUA e China e incertezas com rela\u00e7\u00e3o ao plano do Reino Unido de sa\u00edda da Uni\u00e3o Europeia.<\/p>\n","protected":false},"excerpt":{"rendered":"<p>A Organiza\u00e7\u00e3o Mundial do Com\u00e9rcio (OMC) reduziu significativamente suas previs\u00f5es para o com\u00e9rcio global neste ano devido \u00e0 disputa comercial entre Estados Unidos (EUA) e&hellip; <\/p>\n","protected":false},"author":1,"featured_media":63442,"comment_status":"closed","ping_status":"closed","sticky":false,"template":"","format":"standard","meta":{"sfsi_plus_gutenberg_text_before_share":"","sfsi_plus_gutenberg_show_text_before_share":"","sfsi_plus_gutenberg_icon_type":"","sfsi_plus_gutenberg_icon_alignemt":"","sfsi_plus_gutenburg_max_per_row":"","footnotes":""},"categories":[2],"tags":[],"class_list":["post-122557","post","type-post","status-publish","format-standard","has-post-thumbnail","hentry","category-geral"],"_links":{"self":[{"href":"https:\/\/www.caririemacao.com\/1\/wp-json\/wp\/v2\/posts\/122557","targetHints":{"allow":["GET"]}}],"collection":[{"href":"https:\/\/www.caririemacao.com\/1\/wp-json\/wp\/v2\/posts"}],"about":[{"href":"https:\/\/www.caririemacao.com\/1\/wp-json\/wp\/v2\/types\/post"}],"author":[{"embeddable":true,"href":"https:\/\/www.caririemacao.com\/1\/wp-json\/wp\/v2\/users\/1"}],"replies":[{"embeddable":true,"href":"https:\/\/www.caririemacao.com\/1\/wp-json\/wp\/v2\/comments?post=122557"}],"version-history":[{"count":1,"href":"https:\/\/www.caririemacao.com\/1\/wp-json\/wp\/v2\/posts\/122557\/revisions"}],"predecessor-version":[{"id":122560,"href":"https:\/\/www.caririemacao.com\/1\/wp-json\/wp\/v2\/posts\/122557\/revisions\/122560"}],"wp:featuredmedia":[{"embeddable":true,"href":"https:\/\/www.caririemacao.com\/1\/wp-json\/wp\/v2\/media\/63442"}],"wp:attachment":[{"href":"https:\/\/www.caririemacao.com\/1\/wp-json\/wp\/v2\/media?parent=122557"}],"wp:term":[{"taxonomy":"category","embeddable":true,"href":"https:\/\/www.caririemacao.com\/1\/wp-json\/wp\/v2\/categories?post=122557"},{"taxonomy":"post_tag","embeddable":true,"href":"https:\/\/www.caririemacao.com\/1\/wp-json\/wp\/v2\/tags?post=122557"}],"curies":[{"name":"wp","href":"https:\/\/api.w.org\/{rel}","templated":true}]}}