{"id":122591,"date":"2019-10-02T08:47:09","date_gmt":"2019-10-02T11:47:09","guid":{"rendered":"http:\/\/www.caririemacao.com\/1\/?p=122591"},"modified":"2019-10-02T08:47:09","modified_gmt":"2019-10-02T11:47:09","slug":"com-estrategias-diferentes-flamengo-e-gremio-jogam-em-porto-alegre","status":"publish","type":"post","link":"https:\/\/www.caririemacao.com\/1\/2019\/10\/02\/com-estrategias-diferentes-flamengo-e-gremio-jogam-em-porto-alegre\/","title":{"rendered":"Com estrat\u00e9gias diferentes, Flamengo e Gr\u00eamio jogam em Porto Alegre"},"content":{"rendered":"\n<p>Em alta no Brasil, os t\u00e9cnicos dos dois semifinalistas do pa\u00eds na Copa Libertadores da Am\u00e9rica utilizam planejamentos diferentes para disputar competi\u00e7\u00f5es distintas.<\/p>\n\n\n\n<p>O t\u00e9cnico Jorge Jesus, que estreou no Flamengo em 10 de julho em jogo contra o Athletico-PR pela Copa do Brasil, poucas vezes poupou seus titulares. Em diversas entrevistas o portugu\u00eas j\u00e1 deixou claro que n\u00e3o \u00e9 a favor de modificar toda a equipe de um jogo para o outro, independente do formato da competi\u00e7\u00e3o. Na concep\u00e7\u00e3o de Jesus, em determinadas circunst\u00e2ncias algumas altera\u00e7\u00f5es pontuais podem ser feitas, como aconteceu contra o S\u00e3o Paulo no \u00faltimo s\u00e1bado no empate por 0 a 0 pelo Brasileir\u00e3o. O treinador rubro-negro iniciou com Rafinha, Filipe Lu\u00eds e Gerson, titulares absolutos, no banco de reservas.<\/p>\n\n\n\n<p>Coincidentemente, Renato Portaluppi fez sua primeira partida como treinador do Gr\u00eamio tamb\u00e9m contra o Athletico-PR e pela Copa do Brasil, no dia 21 de setembro de 2016. Nestes mais de 3 anos \u00e0 frente do clube ga\u00facho Renato geralmente poupou os titulares no Campeonato Brasileiro em datas pr\u00f3ximas a competi\u00e7\u00f5es em formato de mata-mata, como a Copa do Brasil e a Libertadores. E no \u00faltimo domingo n\u00e3o foi diferente na derrota por 2 a 1 diante do Fluminense no Maracan\u00e3, os 11 jogadores que devem come\u00e7ar jogando contra o Flamengo sequer viajaram para o Rio de Janeiro.<\/p>\n\n\n\n<p>O comparativo da m\u00e9dia de idade das duas prov\u00e1veis equipes titulares mostra equil\u00edbrio, o rubro-negros t\u00eam 28,09 anos, enquanto os tricolores possuem 28,18 anos.<\/p>\n\n\n\n<h2 class=\"wp-block-heading\">Flamengo preparado<\/h2>\n\n\n\n<p>Sobre as diferentes op\u00e7\u00f5es dos dois t\u00e9cnicos, o volante do Flamengo, Willian Ar\u00e3o, diz que o grupo est\u00e1 preparado para encarar o Gr\u00eamio: \u201cEst\u00e1 todo mundo 100%. Estamos preparados mentalmente, fisicamente e taticamente. Chegamos para este jogo nas melhores condi\u00e7\u00f5es. Se uma outra equipe opta por poupar todo mundo n\u00e3o \u00e9 um problema nosso, temos \u00e9 que pensar na gente. Aquele jogador que o mister optar por colocar em campo tenho certeza que vai estar nas melhores condi\u00e7\u00f5es para ajudar o Flamengo\u201d.<\/p>\n\n\n\n<p>O Flamengo tem apenas dois jogadores sem condi\u00e7\u00f5es de entrar em campo, na Arena Gr\u00eamio, \u00e0s 21h30, contra o tricolor ga\u00facho. O meia Diego e o atacante Lincoln, ambos se recuperando de les\u00e3o.<\/p>\n\n\n\n<p>Pelo jogo de ida das semifinais, os visitantes devem iniciar jogando com Diego Alves; Rafinha, Rodrigo Caio, Pablo Mar\u00ed e Filipe Lu\u00eds; Willian Ar\u00e3o, Gerson e \u00c9verton Ribeiro; Arrascaeta, Bruno Henrique e Gabriel Barbosa.<\/p>\n","protected":false},"excerpt":{"rendered":"<p>Em alta no Brasil, os t\u00e9cnicos dos dois semifinalistas do pa\u00eds na Copa Libertadores da Am\u00e9rica utilizam planejamentos diferentes para disputar competi\u00e7\u00f5es distintas. O t\u00e9cnico&hellip; <\/p>\n","protected":false},"author":1,"featured_media":101346,"comment_status":"closed","ping_status":"closed","sticky":false,"template":"","format":"standard","meta":{"sfsi_plus_gutenberg_text_before_share":"","sfsi_plus_gutenberg_show_text_before_share":"","sfsi_plus_gutenberg_icon_type":"","sfsi_plus_gutenberg_icon_alignemt":"","sfsi_plus_gutenburg_max_per_row":"","footnotes":""},"categories":[13],"tags":[],"class_list":["post-122591","post","type-post","status-publish","format-standard","has-post-thumbnail","hentry","category-esportes"],"_links":{"self":[{"href":"https:\/\/www.caririemacao.com\/1\/wp-json\/wp\/v2\/posts\/122591","targetHints":{"allow":["GET"]}}],"collection":[{"href":"https:\/\/www.caririemacao.com\/1\/wp-json\/wp\/v2\/posts"}],"about":[{"href":"https:\/\/www.caririemacao.com\/1\/wp-json\/wp\/v2\/types\/post"}],"author":[{"embeddable":true,"href":"https:\/\/www.caririemacao.com\/1\/wp-json\/wp\/v2\/users\/1"}],"replies":[{"embeddable":true,"href":"https:\/\/www.caririemacao.com\/1\/wp-json\/wp\/v2\/comments?post=122591"}],"version-history":[{"count":1,"href":"https:\/\/www.caririemacao.com\/1\/wp-json\/wp\/v2\/posts\/122591\/revisions"}],"predecessor-version":[{"id":122593,"href":"https:\/\/www.caririemacao.com\/1\/wp-json\/wp\/v2\/posts\/122591\/revisions\/122593"}],"wp:featuredmedia":[{"embeddable":true,"href":"https:\/\/www.caririemacao.com\/1\/wp-json\/wp\/v2\/media\/101346"}],"wp:attachment":[{"href":"https:\/\/www.caririemacao.com\/1\/wp-json\/wp\/v2\/media?parent=122591"}],"wp:term":[{"taxonomy":"category","embeddable":true,"href":"https:\/\/www.caririemacao.com\/1\/wp-json\/wp\/v2\/categories?post=122591"},{"taxonomy":"post_tag","embeddable":true,"href":"https:\/\/www.caririemacao.com\/1\/wp-json\/wp\/v2\/tags?post=122591"}],"curies":[{"name":"wp","href":"https:\/\/api.w.org\/{rel}","templated":true}]}}