{"id":122622,"date":"2019-10-02T08:53:57","date_gmt":"2019-10-02T11:53:57","guid":{"rendered":"http:\/\/www.caririemacao.com\/1\/?p=122622"},"modified":"2019-10-02T08:53:57","modified_gmt":"2019-10-02T11:53:57","slug":"monteiro-prefeitura-e-ibge-definem-data-de-lancamento-do-censo-2020","status":"publish","type":"post","link":"https:\/\/www.caririemacao.com\/1\/2019\/10\/02\/monteiro-prefeitura-e-ibge-definem-data-de-lancamento-do-censo-2020\/","title":{"rendered":"MONTEIRO: Prefeitura e IBGE definem data de lan\u00e7amento do Censo 2020"},"content":{"rendered":"\n<p>A Chefe de Gabinete do Munic\u00edpio de Monteiro, F\u00e1tima Sousa, recebeu na manh\u00e3 desta segunda-feira (30) representando a prefeita Anna Lorena, o coordenador estadual do IBGE, Lamartine Candeia e o coordenador da agencia regional do Cariri, Luan Martins, para defini\u00e7\u00e3o do calend\u00e1rio de lan\u00e7amento do Censo 2020, tendo sido definida a data de 09 de outubro de 2019, \u00e0s 09:30 h na C\u00e2mara Municipal de Vereadores.<br>Em agosto de 2020, o IBGE iniciar\u00e1 a coleta de dados do Censo 2020, que tem como principal finalidade, obter informa\u00e7\u00f5es atualizadas e precisas sobre cada munic\u00edpio do pa\u00eds, que s\u00e3o fundamentais para o desenvolvimento e implementa\u00e7\u00e3o de pol\u00edticas p\u00fablicas e capta\u00e7\u00e3o de investimentos, tanto do governo quanto da iniciativa privada.<br>Este primeiro encontro teve como principal objetivo, definir uma data e firmar a parceria junto ao munic\u00edpio e as comunidade para a realiza\u00e7\u00e3o do trabalho e apresentar todas as etapas do processo da opera\u00e7\u00e3o censit\u00e1ria com vistas a garantir a total cobertura do territ\u00f3rio e a qualidade dos dados coletados.<br>No Censo de 2010, Monteiro registrou o n\u00famero de 30.852 habitantes e uma estimativa de popula\u00e7\u00e3o de 33.222 habitantes em 2019.<br>Servi\u00e7o:Evento: Lan\u00e7amento do Censo 2020Data: 09 de outubro de 2019Hora: 09:00hLocal: C\u00e2mara Municipal de Vereadores de Monteiro<\/p>\n","protected":false},"excerpt":{"rendered":"<p>A Chefe de Gabinete do Munic\u00edpio de Monteiro, F\u00e1tima Sousa, recebeu na manh\u00e3 desta segunda-feira (30) representando a prefeita Anna Lorena, o coordenador estadual do&hellip; <\/p>\n","protected":false},"author":1,"featured_media":122624,"comment_status":"closed","ping_status":"closed","sticky":false,"template":"","format":"standard","meta":{"sfsi_plus_gutenberg_text_before_share":"","sfsi_plus_gutenberg_show_text_before_share":"","sfsi_plus_gutenberg_icon_type":"","sfsi_plus_gutenberg_icon_alignemt":"","sfsi_plus_gutenburg_max_per_row":"","footnotes":""},"categories":[2],"tags":[],"class_list":["post-122622","post","type-post","status-publish","format-standard","has-post-thumbnail","hentry","category-geral"],"_links":{"self":[{"href":"https:\/\/www.caririemacao.com\/1\/wp-json\/wp\/v2\/posts\/122622","targetHints":{"allow":["GET"]}}],"collection":[{"href":"https:\/\/www.caririemacao.com\/1\/wp-json\/wp\/v2\/posts"}],"about":[{"href":"https:\/\/www.caririemacao.com\/1\/wp-json\/wp\/v2\/types\/post"}],"author":[{"embeddable":true,"href":"https:\/\/www.caririemacao.com\/1\/wp-json\/wp\/v2\/users\/1"}],"replies":[{"embeddable":true,"href":"https:\/\/www.caririemacao.com\/1\/wp-json\/wp\/v2\/comments?post=122622"}],"version-history":[{"count":1,"href":"https:\/\/www.caririemacao.com\/1\/wp-json\/wp\/v2\/posts\/122622\/revisions"}],"predecessor-version":[{"id":122625,"href":"https:\/\/www.caririemacao.com\/1\/wp-json\/wp\/v2\/posts\/122622\/revisions\/122625"}],"wp:featuredmedia":[{"embeddable":true,"href":"https:\/\/www.caririemacao.com\/1\/wp-json\/wp\/v2\/media\/122624"}],"wp:attachment":[{"href":"https:\/\/www.caririemacao.com\/1\/wp-json\/wp\/v2\/media?parent=122622"}],"wp:term":[{"taxonomy":"category","embeddable":true,"href":"https:\/\/www.caririemacao.com\/1\/wp-json\/wp\/v2\/categories?post=122622"},{"taxonomy":"post_tag","embeddable":true,"href":"https:\/\/www.caririemacao.com\/1\/wp-json\/wp\/v2\/tags?post=122622"}],"curies":[{"name":"wp","href":"https:\/\/api.w.org\/{rel}","templated":true}]}}