{"id":122640,"date":"2019-10-02T09:21:36","date_gmt":"2019-10-02T12:21:36","guid":{"rendered":"http:\/\/www.caririemacao.com\/1\/?p=122640"},"modified":"2019-10-02T09:21:36","modified_gmt":"2019-10-02T12:21:36","slug":"camara-de-caraubas-realizou-reuniao-nesta-terca-feira-01","status":"publish","type":"post","link":"https:\/\/www.caririemacao.com\/1\/2019\/10\/02\/camara-de-caraubas-realizou-reuniao-nesta-terca-feira-01\/","title":{"rendered":"C\u00e2mara de Cara\u00fabas realizou reuni\u00e3o nesta ter\u00e7a-feira (01)"},"content":{"rendered":"\n<p>A C\u00e2mara Municipal de Cara\u00fabas realizou na noite desta ter\u00e7a-feira (01), reuni\u00e3o na sede do Poder Legislativo, \u201cCasa Pl\u00e1cido Ferreira de Lira\u201d. <\/p>\n\n\n\n<figure class=\"wp-block-image\"><img fetchpriority=\"high\" decoding=\"async\" width=\"1024\" height=\"678\" src=\"http:\/\/www.caririemacao.com\/1\/wp-content\/uploads\/2019\/10\/DSC_0886-1024x678.jpg\" alt=\"\" class=\"wp-image-122657\" srcset=\"https:\/\/www.caririemacao.com\/1\/wp-content\/uploads\/2019\/10\/DSC_0886-1024x678.jpg 1024w, https:\/\/www.caririemacao.com\/1\/wp-content\/uploads\/2019\/10\/DSC_0886-300x199.jpg 300w, https:\/\/www.caririemacao.com\/1\/wp-content\/uploads\/2019\/10\/DSC_0886-768x509.jpg 768w, https:\/\/www.caririemacao.com\/1\/wp-content\/uploads\/2019\/10\/DSC_0886.jpg 1280w\" sizes=\"(max-width: 1024px) 100vw, 1024px\" \/><\/figure>\n\n\n\n<p>Antes de iniciar as falas dos vereadores na tribuna, o presidente Jos\u00e9 Franconero facultou a palavra ao representante da Comunidade Moreira, o senhor Marcelo, que usou da tribuna para convidar os vereadores para participar da Festa do Moreira que iniciou dia 29\/09 e encerra nesta quarta-feira, dia 02.<\/p>\n\n\n\n<figure class=\"wp-block-image\"><img decoding=\"async\" width=\"1024\" height=\"678\" data-src=\"http:\/\/www.caririemacao.com\/1\/wp-content\/uploads\/2019\/10\/DSC_0892-1-1024x678.jpg\" alt=\"\" class=\"wp-image-122659 lazyload\" data-srcset=\"https:\/\/www.caririemacao.com\/1\/wp-content\/uploads\/2019\/10\/DSC_0892-1-1024x678.jpg 1024w, https:\/\/www.caririemacao.com\/1\/wp-content\/uploads\/2019\/10\/DSC_0892-1-300x199.jpg 300w, https:\/\/www.caririemacao.com\/1\/wp-content\/uploads\/2019\/10\/DSC_0892-1-768x509.jpg 768w, https:\/\/www.caririemacao.com\/1\/wp-content\/uploads\/2019\/10\/DSC_0892-1.jpg 1280w\" data-sizes=\"(max-width: 1024px) 100vw, 1024px\" src=\"data:image\/svg+xml;base64,PHN2ZyB3aWR0aD0iMSIgaGVpZ2h0PSIxIiB4bWxucz0iaHR0cDovL3d3dy53My5vcmcvMjAwMC9zdmciPjwvc3ZnPg==\" style=\"--smush-placeholder-width: 1024px; --smush-placeholder-aspect-ratio: 1024\/678;\" \/><\/figure>\n\n\n\n<p>O presidente da C\u00e2mara Municipal, Jos\u00e9 Franconero, convidou ainda\no t\u00e9cnico da Empaer Genilson, que falou sobre os plantios localizados no A\u00e7ude\nde Campos, assunto questionado em sess\u00e3o anterior pelos vereadores. <\/p>\n\n\n\n<p>Ele relatou que o grande quantitativo de DAP em Cara\u00fabas e apenas um servidor da Empaer tem dificultado o atendimento para todos os agricultores que t\u00eam DAP, j\u00e1 que s\u00e3o 1.072 caraubenses que s\u00e3o inscritos. <\/p>\n\n\n\n<figure class=\"wp-block-image\"><img decoding=\"async\" width=\"1024\" height=\"678\" data-src=\"http:\/\/www.caririemacao.com\/1\/wp-content\/uploads\/2019\/10\/DSC_0857-1-1024x678.jpg\" alt=\"\" class=\"wp-image-122661 lazyload\" data-srcset=\"https:\/\/www.caririemacao.com\/1\/wp-content\/uploads\/2019\/10\/DSC_0857-1-1024x678.jpg 1024w, https:\/\/www.caririemacao.com\/1\/wp-content\/uploads\/2019\/10\/DSC_0857-1-300x199.jpg 300w, https:\/\/www.caririemacao.com\/1\/wp-content\/uploads\/2019\/10\/DSC_0857-1-768x509.jpg 768w, https:\/\/www.caririemacao.com\/1\/wp-content\/uploads\/2019\/10\/DSC_0857-1.jpg 1280w\" data-sizes=\"(max-width: 1024px) 100vw, 1024px\" src=\"data:image\/svg+xml;base64,PHN2ZyB3aWR0aD0iMSIgaGVpZ2h0PSIxIiB4bWxucz0iaHR0cDovL3d3dy53My5vcmcvMjAwMC9zdmciPjwvc3ZnPg==\" style=\"--smush-placeholder-width: 1024px; --smush-placeholder-aspect-ratio: 1024\/678;\" \/><\/figure>\n\n\n\n<p>Em seguida, os vereadores usaram da tribuna para tratar de diversos assuntos de interesse da popula\u00e7\u00e3o. Alguns dos vereadores tamb\u00e9m destacaram o sucesso do Campeonato Municipal de Futebol de Cara\u00fabas, sendo encerrado no \u00faltimo domingo, dia 29.<\/p>\n\n\n\n<p><a href=\"https:\/\/www.facebook.com\/pg\/CaririEmAcao\/photos\/?tab=album&amp;album_id=1665508526918497\">CLIQUE AQUI E VEJA TODAS AS FOTOS.<\/a><\/p>\n","protected":false},"excerpt":{"rendered":"<p>A C\u00e2mara Municipal de Cara\u00fabas realizou na noite desta ter\u00e7a-feira (01), reuni\u00e3o na sede do Poder Legislativo, \u201cCasa Pl\u00e1cido Ferreira de Lira\u201d. Antes de iniciar&hellip; <\/p>\n","protected":false},"author":2,"featured_media":122641,"comment_status":"closed","ping_status":"closed","sticky":false,"template":"","format":"standard","meta":{"sfsi_plus_gutenberg_text_before_share":"","sfsi_plus_gutenberg_show_text_before_share":"","sfsi_plus_gutenberg_icon_type":"","sfsi_plus_gutenberg_icon_alignemt":"","sfsi_plus_gutenburg_max_per_row":"","footnotes":""},"categories":[50,2],"tags":[],"class_list":["post-122640","post","type-post","status-publish","format-standard","has-post-thumbnail","hentry","category-destaque","category-geral"],"_links":{"self":[{"href":"https:\/\/www.caririemacao.com\/1\/wp-json\/wp\/v2\/posts\/122640","targetHints":{"allow":["GET"]}}],"collection":[{"href":"https:\/\/www.caririemacao.com\/1\/wp-json\/wp\/v2\/posts"}],"about":[{"href":"https:\/\/www.caririemacao.com\/1\/wp-json\/wp\/v2\/types\/post"}],"author":[{"embeddable":true,"href":"https:\/\/www.caririemacao.com\/1\/wp-json\/wp\/v2\/users\/2"}],"replies":[{"embeddable":true,"href":"https:\/\/www.caririemacao.com\/1\/wp-json\/wp\/v2\/comments?post=122640"}],"version-history":[{"count":1,"href":"https:\/\/www.caririemacao.com\/1\/wp-json\/wp\/v2\/posts\/122640\/revisions"}],"predecessor-version":[{"id":122672,"href":"https:\/\/www.caririemacao.com\/1\/wp-json\/wp\/v2\/posts\/122640\/revisions\/122672"}],"wp:featuredmedia":[{"embeddable":true,"href":"https:\/\/www.caririemacao.com\/1\/wp-json\/wp\/v2\/media\/122641"}],"wp:attachment":[{"href":"https:\/\/www.caririemacao.com\/1\/wp-json\/wp\/v2\/media?parent=122640"}],"wp:term":[{"taxonomy":"category","embeddable":true,"href":"https:\/\/www.caririemacao.com\/1\/wp-json\/wp\/v2\/categories?post=122640"},{"taxonomy":"post_tag","embeddable":true,"href":"https:\/\/www.caririemacao.com\/1\/wp-json\/wp\/v2\/tags?post=122640"}],"curies":[{"name":"wp","href":"https:\/\/api.w.org\/{rel}","templated":true}]}}