{"id":122654,"date":"2019-10-02T09:20:40","date_gmt":"2019-10-02T12:20:40","guid":{"rendered":"http:\/\/www.caririemacao.com\/1\/?p=122654"},"modified":"2019-10-02T09:20:40","modified_gmt":"2019-10-02T12:20:40","slug":"prefeita-recebe-pais-e-alunos-da-rede-municipal-para-lancamento-do-olhar-monteiro","status":"publish","type":"post","link":"https:\/\/www.caririemacao.com\/1\/2019\/10\/02\/prefeita-recebe-pais-e-alunos-da-rede-municipal-para-lancamento-do-olhar-monteiro\/","title":{"rendered":"Prefeita recebe pais e alunos da rede municipal para lan\u00e7amento do Olhar Monteiro"},"content":{"rendered":"\n<p>Na pr\u00f3xima quarta-feira, 09, a prefeita do munic\u00edpio de Monteiro, Anna Lorena, recebe pais e alunos para juntamente com as equipes da sa\u00fade e Educa\u00e7\u00e3o, realizar o lan\u00e7amento oficial do Programa Olhar Monteiro.<br>Visando uma melhor comodidade para os pais dos alunos, o evento ser\u00e1 realizado no per\u00edodo da manh\u00e3, no Centro Cultural Alexandre da Silva Brito \u00e0s 08:30, e no per\u00edodo da tarde no Complexo Esportivo O Chic\u00e3o a partir das 16 horas.<br><strong>Programa Olhar Monteiro<\/strong>No in\u00edcio do m\u00eas de setembro cerca de 200 crian\u00e7as da Rede Municipal de Ensino foram atendidas recebendo consultas oftalmol\u00f3gicas no Centro de Especialidades M\u00e9dicas do munic\u00edpio de Monteiro \u2013 CEMED, uma a\u00e7\u00e3o que integra diretamente o Programa oferecido pela administra\u00e7\u00e3o municipal.<br>O novo programa destina-se ao acompanhamento do aluno com rela\u00e7\u00e3o \u00e0 sa\u00fade dos olhos. Conforme j\u00e1 adiantado pela prefeita Anna Lorena, o Programa Olhar Monteiro \u00e9 mais uma estrat\u00e9gia de acompanhamento do rendimento educacional e sa\u00fade no per\u00edodo escolar. \u201cObservamos o processo de aprendizagem do alunado da rede municipal de perto e identificamos casos em que a crian\u00e7a apresentou algum sintoma relacionado \u00e0 sa\u00fade da vis\u00e3o, as secretarias em conjunto uniram-se e hoje oferecemos este acompanhamento\u201d, explica a gestora municipal.<\/p>\n","protected":false},"excerpt":{"rendered":"<p>Na pr\u00f3xima quarta-feira, 09, a prefeita do munic\u00edpio de Monteiro, Anna Lorena, recebe pais e alunos para juntamente com as equipes da sa\u00fade e Educa\u00e7\u00e3o,&hellip; <\/p>\n","protected":false},"author":1,"featured_media":122658,"comment_status":"closed","ping_status":"closed","sticky":false,"template":"","format":"standard","meta":{"sfsi_plus_gutenberg_text_before_share":"","sfsi_plus_gutenberg_show_text_before_share":"","sfsi_plus_gutenberg_icon_type":"","sfsi_plus_gutenberg_icon_alignemt":"","sfsi_plus_gutenburg_max_per_row":"","footnotes":""},"categories":[2],"tags":[],"class_list":["post-122654","post","type-post","status-publish","format-standard","has-post-thumbnail","hentry","category-geral"],"_links":{"self":[{"href":"https:\/\/www.caririemacao.com\/1\/wp-json\/wp\/v2\/posts\/122654","targetHints":{"allow":["GET"]}}],"collection":[{"href":"https:\/\/www.caririemacao.com\/1\/wp-json\/wp\/v2\/posts"}],"about":[{"href":"https:\/\/www.caririemacao.com\/1\/wp-json\/wp\/v2\/types\/post"}],"author":[{"embeddable":true,"href":"https:\/\/www.caririemacao.com\/1\/wp-json\/wp\/v2\/users\/1"}],"replies":[{"embeddable":true,"href":"https:\/\/www.caririemacao.com\/1\/wp-json\/wp\/v2\/comments?post=122654"}],"version-history":[{"count":1,"href":"https:\/\/www.caririemacao.com\/1\/wp-json\/wp\/v2\/posts\/122654\/revisions"}],"predecessor-version":[{"id":122660,"href":"https:\/\/www.caririemacao.com\/1\/wp-json\/wp\/v2\/posts\/122654\/revisions\/122660"}],"wp:featuredmedia":[{"embeddable":true,"href":"https:\/\/www.caririemacao.com\/1\/wp-json\/wp\/v2\/media\/122658"}],"wp:attachment":[{"href":"https:\/\/www.caririemacao.com\/1\/wp-json\/wp\/v2\/media?parent=122654"}],"wp:term":[{"taxonomy":"category","embeddable":true,"href":"https:\/\/www.caririemacao.com\/1\/wp-json\/wp\/v2\/categories?post=122654"},{"taxonomy":"post_tag","embeddable":true,"href":"https:\/\/www.caririemacao.com\/1\/wp-json\/wp\/v2\/tags?post=122654"}],"curies":[{"name":"wp","href":"https:\/\/api.w.org\/{rel}","templated":true}]}}